{"id":46089,"date":"2019-02-04T09:51:22","date_gmt":"2019-02-04T07:51:22","guid":{"rendered":"http:\/\/realitatearutiera.ro\/?p=46089"},"modified":"2019-02-04T09:51:27","modified_gmt":"2019-02-04T07:51:27","slug":"o-soferita-pe-fondul-neatentiei-in-conducere-a-parasit-partea-carosabila-si-a-intrat-in-coliziune-cu-un-copac","status":"publish","type":"post","link":"https:\/\/realitatearutiera.ro\/?p=46089","title":{"rendered":"O \u0219oferi\u021b\u0103, pe fondul neatentiei \u00een conducere, a p\u0103r\u0103sit partea carosabil\u0103 \u015fi  a intrat \u00een coliziune cu un copac"},"content":{"rendered":"\n<h1 class=\"wp-block-heading\"><\/h1>\n\n\n\n<figure class=\"wp-block-image\"><img decoding=\"async\" src=\"https:\/\/i1.wp.com\/adevarul.ro\/assets\/adevarul.ro\/MRImage\/2019\/02\/04\/5c57e856df52022f755a48ae\/646x404.jpg?w=800&#038;ssl=1\" alt=\"O \u00c5\u009foferi\u00c5\u00a3\u00c4\u0083\u00c2\u00a0 a intrat cu ma\u00c5\u009fina \u00c3\u00aentr-un copac, pe drumul Foc\u00c5\u009fani-Suraia\" data-recalc-dims=\"1\"\/><\/figure>\n\n\n\n<p><\/p>\n\n\n\n<p> O \u015foferi\u0163\u0103\u00a0 a intrat cu ma\u015fina \u00eentr-un copac, pe drumul Foc\u015fani-Suraia.<\/p>\n\n\n\n<p> Evenimentul rutier a avut loc luni diminea\u0163\u0103, \u00een accident fiind r\u0103nite cele dou\u0103 persoane care se aflau \u00een autoturism, o femeie \u015fi un b\u0103rbat.<\/p>\n\n\n\n<p> Potrivit IPJ Vrancea, o femeie, \u00een v\u00e2rst\u0103 de 48 ani, din Suraia, in timp ce conducea un\u00a0 autoturism pe DJ 204 D, pe sensul Suraia-Focsani, pe un sector de drum in aliniament, pe fondul neatentiei \u00een conducere a p\u0103r\u0103sit partea carosabil\u0103 \u015fi\u00a0 a intrat \u00een coliziune cu un copac.\u00a0<\/p>\n\n\n\n<p> \u00cen urma coliziunii\u00a0 au rezultat dou\u0103 victime con\u015ftiente, ne\u00eencarcerate. Paramedicii au acordat primul ajutor calificat unui b\u0103rbat, \u00een v\u00e2rst\u0103 de 59 de ani, care prezenta un traumatism cranio-cerebral \u015fi dureri de coloan\u0103 cervical\u0103. <\/p>\n\n\n\n<p>El a fost preluat \u015fi transportat cu ambulan\u0163a SMURD la UPU Foc\u015fani.<\/p>\n\n\n\n<p> Femeia care conducea ma\u015fina a fost preluat\u0103 la r\u00e2ndul ei de ambulan\u0163a SAJ, aflat\u0103 la fa\u0163a locului.<\/p>\n\n\n\n<p>Sursa:adevarul<\/p>\n","protected":false},"excerpt":{"rendered":"<p>O \u015foferi\u0163\u0103\u00a0 a intrat cu ma\u015fina \u00eentr-un copac, pe drumul Foc\u015fani-Suraia. Evenimentul rutier a avut loc luni diminea\u0163\u0103, \u00een accident<\/p>\n","protected":false},"author":1,"featured_media":41583,"comment_status":"closed","ping_status":"closed","sticky":false,"template":"","format":"standard","meta":{"spay_email":"","footnotes":"","jetpack_publicize_message":""},"categories":[1],"tags":[],"class_list":["post-46089","post","type-post","status-publish","format-standard","has-post-thumbnail","hentry","category-uncategorized"],"jetpack_featured_media_url":"https:\/\/i1.wp.com\/realitatearutiera.ro\/wp-content\/uploads\/2018\/10\/4033accident.jpg?fit=800%2C450&ssl=1","jetpack_publicize_connections":[],"jetpack_sharing_enabled":true,"jetpack_shortlink":"https:\/\/wp.me\/p61naM-bZn","jetpack-related-posts":[],"_links":{"self":[{"href":"https:\/\/realitatearutiera.ro\/index.php?rest_route=\/wp\/v2\/posts\/46089","targetHints":{"allow":["GET"]}}],"collection":[{"href":"https:\/\/realitatearutiera.ro\/index.php?rest_route=\/wp\/v2\/posts"}],"about":[{"href":"https:\/\/realitatearutiera.ro\/index.php?rest_route=\/wp\/v2\/types\/post"}],"author":[{"embeddable":true,"href":"https:\/\/realitatearutiera.ro\/index.php?rest_route=\/wp\/v2\/users\/1"}],"replies":[{"embeddable":true,"href":"https:\/\/realitatearutiera.ro\/index.php?rest_route=%2Fwp%2Fv2%2Fcomments&post=46089"}],"version-history":[{"count":1,"href":"https:\/\/realitatearutiera.ro\/index.php?rest_route=\/wp\/v2\/posts\/46089\/revisions"}],"predecessor-version":[{"id":46090,"href":"https:\/\/realitatearutiera.ro\/index.php?rest_route=\/wp\/v2\/posts\/46089\/revisions\/46090"}],"wp:featuredmedia":[{"embeddable":true,"href":"https:\/\/realitatearutiera.ro\/index.php?rest_route=\/wp\/v2\/media\/41583"}],"wp:attachment":[{"href":"https:\/\/realitatearutiera.ro\/index.php?rest_route=%2Fwp%2Fv2%2Fmedia&parent=46089"}],"wp:term":[{"taxonomy":"category","embeddable":true,"href":"https:\/\/realitatearutiera.ro\/index.php?rest_route=%2Fwp%2Fv2%2Fcategories&post=46089"},{"taxonomy":"post_tag","embeddable":true,"href":"https:\/\/realitatearutiera.ro\/index.php?rest_route=%2Fwp%2Fv2%2Ftags&post=46089"}],"curies":[{"name":"wp","href":"https:\/\/api.w.org\/{rel}","templated":true}]}}