{"id":46160,"date":"2019-02-05T13:51:40","date_gmt":"2019-02-05T11:51:40","guid":{"rendered":"http:\/\/realitatearutiera.ro\/?p=46160"},"modified":"2019-02-05T13:51:42","modified_gmt":"2019-02-05T11:51:42","slug":"tanar-fara-permis-suspectat-ca-a-accidentat-intentionat-un-barbat-cautat-de-trei-zile","status":"publish","type":"post","link":"https:\/\/realitatearutiera.ro\/?p=46160","title":{"rendered":"T\u00e2n\u0103r f\u0103r\u0103 permis, suspectat c\u0103 a accidentat inten\u0163ionat un b\u0103rbat, c\u0103utat de trei zile"},"content":{"rendered":"\n<p>Un t\u00e2n\u0103r \u00een v\u00e2rst\u0103 de 24 de ani, din Boto\u015fani, este c\u0103utat de poli\u0163i\u015fti de trei zile dup\u0103 ce a lovit grav cu ma\u015fina un b\u0103rbat cu care se certase, apoi a fugit de la locul accidentului \u015fi a ascuns ma\u015fina \u00een curtea p\u0103rin\u0163ilor.<\/p>\n\n\n\n<p>T\u00e2n\u0103r f\u0103r\u0103 permis, suspectat c\u0103 a accidentat inten\u0163ionat un b\u0103rbat, c\u0103utat de trei zile<\/p>\n\n\n\n<p>Poli\u0163i\u015ftii boto\u015f\u0103neni caut\u0103 de trei zile un t\u00e2n\u0103r de 24 de ani care, s\u00e2mb\u0103t\u0103 seara, dup\u0103 un conflict cu un b\u0103rbat de 40 de ani, l-a accidentat cu ma\u015fina, a fugit de la locul accidentului \u015fi a ascuns autoturismul \u00een curtea p\u0103rin\u0163ilor.<\/p>\n\n\n\n<p>Scandalul \u00eentre cei doi a izbucnit s\u00e2mb\u0103t\u0103, \u00eentr-un bar din localitatea C\u0103t\u0103m\u0103r\u0103\u015fti Deal. Dup\u0103 ce a p\u0103r\u0103sit localul, t\u00e2n\u0103rul s-a urcat la volanul ma\u015finii sale, de\u015fi nu avea permis de conducere \u015fi l-a accidentat grav pe b\u0103rbatul de 40 de ani cu care se certase, acesta fiind transportat la spitalul din Boto\u015fani.<\/p>\n\n\n\n<p>De aici, din cauza st\u0103rii grave, victima fost transferat\u0103 la o clinic\u0103 din Ia\u015fi, \u00een com\u0103.<\/p>\n\n\n\n<p><em>\u201eB\u0103rbatul care a provocat accidentul a fost identificat \u015fi este c\u0103utat de poli\u0163i\u015fti. Acesta a provocat un accident, s\u00e2mb\u0103t\u0103, dup\u0103 care a p\u0103r\u0103sit locul faptei \u015fi a abandonat ma\u015fina \u00eentr-o curte. Poli\u0163i\u015ftii iau in calcul \u015fi varianta \u00een care accidentul a fost provocat inten\u0163ionat\u201d<\/em>, a declarat, mar\u0163i, pentru corespondentul MEDIAFAX, purt\u0103torul de cuv\u00e2nt al Inspectoratului de Poli\u0163ie Boto\u015fani, Maria Carp.<\/p>\n\n\n\n<p>\u00cen acest caz, poli\u0163i\u015ftii au deschis un dosar penal pentru v\u0103t\u0103mare corporal\u0103 din culp\u0103, conducere f\u0103r\u0103 permis \u015fi p\u0103r\u0103sirea locului accidentului.<\/p>\n\n\n\n<p>sursa: mediafax.ro<\/p>\n","protected":false},"excerpt":{"rendered":"<p>Un t\u00e2n\u0103r \u00een v\u00e2rst\u0103 de 24 de ani, din Boto\u015fani, este c\u0103utat de poli\u0163i\u015fti de trei zile dup\u0103 ce a<\/p>\n","protected":false},"author":1,"featured_media":43186,"comment_status":"closed","ping_status":"closed","sticky":false,"template":"","format":"standard","meta":{"spay_email":"","footnotes":"","jetpack_publicize_message":""},"categories":[1],"tags":[],"class_list":["post-46160","post","type-post","status-publish","format-standard","has-post-thumbnail","hentry","category-uncategorized"],"jetpack_featured_media_url":"https:\/\/i0.wp.com\/realitatearutiera.ro\/wp-content\/uploads\/2018\/11\/accident-mwc-generic.jpg?fit=750%2C501&ssl=1","jetpack_publicize_connections":[],"jetpack_sharing_enabled":true,"jetpack_shortlink":"https:\/\/wp.me\/p61naM-c0w","jetpack-related-posts":[],"_links":{"self":[{"href":"https:\/\/realitatearutiera.ro\/index.php?rest_route=\/wp\/v2\/posts\/46160","targetHints":{"allow":["GET"]}}],"collection":[{"href":"https:\/\/realitatearutiera.ro\/index.php?rest_route=\/wp\/v2\/posts"}],"about":[{"href":"https:\/\/realitatearutiera.ro\/index.php?rest_route=\/wp\/v2\/types\/post"}],"author":[{"embeddable":true,"href":"https:\/\/realitatearutiera.ro\/index.php?rest_route=\/wp\/v2\/users\/1"}],"replies":[{"embeddable":true,"href":"https:\/\/realitatearutiera.ro\/index.php?rest_route=%2Fwp%2Fv2%2Fcomments&post=46160"}],"version-history":[{"count":1,"href":"https:\/\/realitatearutiera.ro\/index.php?rest_route=\/wp\/v2\/posts\/46160\/revisions"}],"predecessor-version":[{"id":46168,"href":"https:\/\/realitatearutiera.ro\/index.php?rest_route=\/wp\/v2\/posts\/46160\/revisions\/46168"}],"wp:featuredmedia":[{"embeddable":true,"href":"https:\/\/realitatearutiera.ro\/index.php?rest_route=\/wp\/v2\/media\/43186"}],"wp:attachment":[{"href":"https:\/\/realitatearutiera.ro\/index.php?rest_route=%2Fwp%2Fv2%2Fmedia&parent=46160"}],"wp:term":[{"taxonomy":"category","embeddable":true,"href":"https:\/\/realitatearutiera.ro\/index.php?rest_route=%2Fwp%2Fv2%2Fcategories&post=46160"},{"taxonomy":"post_tag","embeddable":true,"href":"https:\/\/realitatearutiera.ro\/index.php?rest_route=%2Fwp%2Fv2%2Ftags&post=46160"}],"curies":[{"name":"wp","href":"https:\/\/api.w.org\/{rel}","templated":true}]}}