{"id":46742,"date":"2019-02-20T08:03:15","date_gmt":"2019-02-20T06:03:15","guid":{"rendered":"http:\/\/realitatearutiera.ro\/?p=46742"},"modified":"2019-02-20T08:03:21","modified_gmt":"2019-02-20T06:03:21","slug":"accident-mortal-pe-dn1b-dupa-o-depasire-periculoasa","status":"publish","type":"post","link":"https:\/\/realitatearutiera.ro\/?p=46742","title":{"rendered":"Accident MORTAL  pe DN1B, dup\u0103 o dep\u0103\u0219ire periculoas\u0103"},"content":{"rendered":"\n<p>O persoan\u0103 a murit, \u00een noaptea de mar\u0163i spre miercuri, pe DN1B, \u00een Loloiasca, jude\u0163ul Prahova, dup\u0103 ce ma\u015fina \u00een care se afla a fost izbit\u0103 de un autoturism aflat \u00eentr-o dep\u0103\u015fire \u015fi care apoi a luat foc, \u00een accident fiind implicate \u015fi un TIR \u015fi o autoutilitar\u0103.<\/p>\n\n\n\n<figure class=\"wp-block-image\"><a href=\"https:\/\/www.mediafax.ro\/social\/accident-grav-pe-dn1b-un-sofer-a-murit-dupa-ce-masina-sa-a-fost-izbita-de-un-alt-autoturism-17881928\/foto\"><img decoding=\"async\" src=\"https:\/\/i0.wp.com\/storage0.dms.mpinteractiv.ro\/media\/1\/1\/1688\/17881928\/1\/ambulanta-mfx.jpg?w=800&#038;ssl=1\" alt=\"Imaginea articolului Accident grav pe DN1B. Un \u015fofer a murit dup\u0103 ce ma\u015fina sa a fost izbit\u0103 de un alt autoturism\" data-recalc-dims=\"1\"\/><\/a><\/figure>\n\n\n\n<p>Accident grav pe DN1B. Un \u015fofer a murit dup\u0103 ce ma\u015fina sa a fost izbit\u0103 de un alt autoturism<\/p>\n\n\n\n<p>Potrivit reprezentan\u0163ilor Poli\u0163iei Prahova, accidentul a avut loc pe DN 1B, \u00een Loloiasca, pe sens c\u0103tre Ploie\u015fti. \u015eoferul unui autoturism ar fi vrut s\u0103 dep\u0103\u015feasc\u0103 un TIR \u015fi s-a ciocnit violent de ma\u015fina care circula din sens opus, alte dou\u0103 vehicule fiind avariate.<\/p>\n\n\n\n<p>\u201c P\u00e2n\u0103 la acest moment, rezult\u0103 c\u0103 un autoturism Audi, deplas\u00e2ndu-se pe direc\u0163ia Buz\u0103u &#8211; Ploie\u015fti, ar fi intrat \u00een dep\u0103\u015firea unui TIR, a lovit frontal un Logan. Din impactul celor dou\u0103 auto, ar mai fi fost avariate un TIR \u015fi o autoutilitar\u0103\u201d, a declarat purt\u0103torul de cuv\u00e2nt al Poli\u0163iei Prahova, Marian Popescu.<\/p>\n\n\n\n<p>\u00cen urma impactului, \u015foferul Loganului a murit iar ma\u015fina BMW a luat foc, arz\u00e2nd \u00een totalitate.<\/p>\n\n\n\n<p>Sursa:mediafax<\/p>\n","protected":false},"excerpt":{"rendered":"<p>O persoan\u0103 a murit, \u00een noaptea de mar\u0163i spre miercuri, pe DN1B, \u00een Loloiasca, jude\u0163ul Prahova, dup\u0103 ce ma\u015fina \u00een<\/p>\n","protected":false},"author":1,"featured_media":43186,"comment_status":"closed","ping_status":"closed","sticky":false,"template":"","format":"standard","meta":{"spay_email":"","footnotes":"","jetpack_publicize_message":""},"categories":[1],"tags":[],"class_list":["post-46742","post","type-post","status-publish","format-standard","has-post-thumbnail","hentry","category-uncategorized"],"jetpack_featured_media_url":"https:\/\/i0.wp.com\/realitatearutiera.ro\/wp-content\/uploads\/2018\/11\/accident-mwc-generic.jpg?fit=750%2C501&ssl=1","jetpack_publicize_connections":[],"jetpack_sharing_enabled":true,"jetpack_shortlink":"https:\/\/wp.me\/p61naM-c9U","jetpack-related-posts":[],"_links":{"self":[{"href":"https:\/\/realitatearutiera.ro\/index.php?rest_route=\/wp\/v2\/posts\/46742","targetHints":{"allow":["GET"]}}],"collection":[{"href":"https:\/\/realitatearutiera.ro\/index.php?rest_route=\/wp\/v2\/posts"}],"about":[{"href":"https:\/\/realitatearutiera.ro\/index.php?rest_route=\/wp\/v2\/types\/post"}],"author":[{"embeddable":true,"href":"https:\/\/realitatearutiera.ro\/index.php?rest_route=\/wp\/v2\/users\/1"}],"replies":[{"embeddable":true,"href":"https:\/\/realitatearutiera.ro\/index.php?rest_route=%2Fwp%2Fv2%2Fcomments&post=46742"}],"version-history":[{"count":1,"href":"https:\/\/realitatearutiera.ro\/index.php?rest_route=\/wp\/v2\/posts\/46742\/revisions"}],"predecessor-version":[{"id":46743,"href":"https:\/\/realitatearutiera.ro\/index.php?rest_route=\/wp\/v2\/posts\/46742\/revisions\/46743"}],"wp:featuredmedia":[{"embeddable":true,"href":"https:\/\/realitatearutiera.ro\/index.php?rest_route=\/wp\/v2\/media\/43186"}],"wp:attachment":[{"href":"https:\/\/realitatearutiera.ro\/index.php?rest_route=%2Fwp%2Fv2%2Fmedia&parent=46742"}],"wp:term":[{"taxonomy":"category","embeddable":true,"href":"https:\/\/realitatearutiera.ro\/index.php?rest_route=%2Fwp%2Fv2%2Fcategories&post=46742"},{"taxonomy":"post_tag","embeddable":true,"href":"https:\/\/realitatearutiera.ro\/index.php?rest_route=%2Fwp%2Fv2%2Ftags&post=46742"}],"curies":[{"name":"wp","href":"https:\/\/api.w.org\/{rel}","templated":true}]}}