{"id":46926,"date":"2019-02-25T08:19:16","date_gmt":"2019-02-25T06:19:16","guid":{"rendered":"http:\/\/realitatearutiera.ro\/?p=46926"},"modified":"2019-02-25T08:19:21","modified_gmt":"2019-02-25T06:19:21","slug":"necaz-pentru-un-sofer","status":"publish","type":"post","link":"https:\/\/realitatearutiera.ro\/?p=46926","title":{"rendered":"Necaz pentru un \u0219ofer!!!"},"content":{"rendered":"\n<figure class=\"wp-block-image\"><img decoding=\"async\" src=\"https:\/\/i0.wp.com\/adevarul.ro\/assets\/adevarul.ro\/MRImage\/2019\/02\/25\/5c737180445219c57e8f1f20\/646x404.jpg?w=800&#038;ssl=1\" alt=\"Un biciclist b\u00c4\u0083ut l-a b\u00c4\u0083gat \u00c3\u00aen necaz pe un \u00c5\u009fofer\" data-recalc-dims=\"1\"\/><\/figure>\n\n\n\n<p> Un biciclist a fot accidentat u\u015for, la prima vedere, de un autoturism. Accidentul a avut loc\u00a0\u00een Moreni.  <\/p>\n\n\n\n<p>Biciclistul a fost transportat la spital pentu acordarea de \u00eengrijiri medicale. Biciclistul, cel mai probabil, se afla \u00een stare de ebrietate. I se vor recolta mostre biologice la spital, au anun\u0163at oamenii legii.\u00a0<\/p>\n\n\n\n<figure class=\"wp-block-image\"><img decoding=\"async\" src=\"https:\/\/i2.wp.com\/adevarul.ro\/assets\/adevarul.ro\/MRImage\/2019\/02\/25\/5c737180445219c57e8f1f22\/646x404.jpg?w=800&#038;ssl=1\" alt=\"\" data-recalc-dims=\"1\"\/><\/figure>\n\n\n\n<p>Sursa:adevarul<\/p>\n","protected":false},"excerpt":{"rendered":"<p>Un biciclist a fot accidentat u\u015for, la prima vedere, de un autoturism. Accidentul a avut loc\u00a0\u00een Moreni. Biciclistul a fost<\/p>\n","protected":false},"author":1,"featured_media":40942,"comment_status":"closed","ping_status":"closed","sticky":false,"template":"","format":"standard","meta":{"spay_email":"","footnotes":"","jetpack_publicize_message":""},"categories":[1],"tags":[],"class_list":["post-46926","post","type-post","status-publish","format-standard","has-post-thumbnail","hentry","category-uncategorized"],"jetpack_featured_media_url":"https:\/\/i2.wp.com\/realitatearutiera.ro\/wp-content\/uploads\/2018\/09\/03-bicicleta.jpg?fit=570%2C270&ssl=1","jetpack_publicize_connections":[],"jetpack_sharing_enabled":true,"jetpack_shortlink":"https:\/\/wp.me\/p61naM-ccS","jetpack-related-posts":[],"_links":{"self":[{"href":"https:\/\/realitatearutiera.ro\/index.php?rest_route=\/wp\/v2\/posts\/46926","targetHints":{"allow":["GET"]}}],"collection":[{"href":"https:\/\/realitatearutiera.ro\/index.php?rest_route=\/wp\/v2\/posts"}],"about":[{"href":"https:\/\/realitatearutiera.ro\/index.php?rest_route=\/wp\/v2\/types\/post"}],"author":[{"embeddable":true,"href":"https:\/\/realitatearutiera.ro\/index.php?rest_route=\/wp\/v2\/users\/1"}],"replies":[{"embeddable":true,"href":"https:\/\/realitatearutiera.ro\/index.php?rest_route=%2Fwp%2Fv2%2Fcomments&post=46926"}],"version-history":[{"count":1,"href":"https:\/\/realitatearutiera.ro\/index.php?rest_route=\/wp\/v2\/posts\/46926\/revisions"}],"predecessor-version":[{"id":46927,"href":"https:\/\/realitatearutiera.ro\/index.php?rest_route=\/wp\/v2\/posts\/46926\/revisions\/46927"}],"wp:featuredmedia":[{"embeddable":true,"href":"https:\/\/realitatearutiera.ro\/index.php?rest_route=\/wp\/v2\/media\/40942"}],"wp:attachment":[{"href":"https:\/\/realitatearutiera.ro\/index.php?rest_route=%2Fwp%2Fv2%2Fmedia&parent=46926"}],"wp:term":[{"taxonomy":"category","embeddable":true,"href":"https:\/\/realitatearutiera.ro\/index.php?rest_route=%2Fwp%2Fv2%2Fcategories&post=46926"},{"taxonomy":"post_tag","embeddable":true,"href":"https:\/\/realitatearutiera.ro\/index.php?rest_route=%2Fwp%2Fv2%2Ftags&post=46926"}],"curies":[{"name":"wp","href":"https:\/\/api.w.org\/{rel}","templated":true}]}}