{"id":471,"date":"2015-03-18T06:13:02","date_gmt":"2015-03-18T06:13:02","guid":{"rendered":"http:\/\/realitatearutiera.ro\/?p=471"},"modified":"2015-03-18T06:13:02","modified_gmt":"2015-03-18T06:13:02","slug":"incredibil-accident-in-judetul-neamt-un-sofer-inconstient-a-trecut-pe-rosu","status":"publish","type":"post","link":"https:\/\/realitatearutiera.ro\/?p=471","title":{"rendered":"INCREDIBIL ! ACCIDENT IN JUDETUL NEAMT ! UN SOFER INCONSTIENT A TRECUT PE ROSU !"},"content":{"rendered":"<p><strong><em>Duminic\u0103 diminea\u021ba, un \u0219ofer lipsit de experien\u021b\u0103, \u00een v\u00e2rst\u0103 de 18 ani, a ales s\u0103 ignore culoarea ro\u0219ie a semaforului din intersec\u021bia de la Humule\u0219ti \u0219i a produs un accident rutier soldat cu r\u0103nirea unui pasager.<\/em><\/strong><\/p>\n<p><em>\u00cen urma impactului, a fost r\u0103nit un\u00a0t\u00e2n\u0103r de 17 ani, din Poiana Teiului, aflat \u00een autoturismul condus de b\u0103c\u0103uan. Acesta a fost transportat la Spitalul Or\u0103\u0219enesc pentru a primi \u00eengrijire medical\u0103.<\/em><\/p>\n<p><em>Ambii conduc\u0103tori auto au fost testa\u0163i alcoolscopic, iar rezultatele au fost negative.<\/em><\/p>\n<p><em>Poli\u021bi\u0219tii efectueaz\u0103 cercet\u0103ri sub aspectul s\u0103v\u00e2r\u0219irii infrac\u0163iunii de v\u0103t\u0103mare corporal\u0103 din culp\u0103.<\/em><\/p>\n<p><em>\u201e\u00cen diminea\u021ba zilei de 15.03.2015, orele 08.00, poli\u021bi\u0219tii rutieri au fost sesiza\u0163i despre faptul c\u0103 \u00een intersec\u0163ia Humule\u015fti din T\u00e2rgu Neam\u0163 a avut loc un accident rutier \u00een urma c\u0103ruia a rezultat r\u0103nirea unei persoane. Din primele cercet\u0103ri se pare c\u0103 \u00een timp ce un t\u00e2n\u0103r de 18 ani, din Bac\u0103u, conducea un autoturism pe str. Ion Creang\u0103, av\u00e2nd direc\u0163ia de mers V\u00e2n\u0103tori Tg.Neam\u0163, a p\u0103truns \u00een intersec\u0163ia cu str. M Sadoveanu f\u0103r\u0103 a respecta semnifica\u0163ia culorii ro\u015fii a semaforului electric aflat \u00een func\u0163iune intr\u00e2nd \u00een coliziune cu autoturism condus de c\u0103tre un t\u00e2n\u0103r de 22 de ani, din T\u00e2rgu Neam\u021b\u201d<strong>, <\/strong>se arat\u0103 \u00eentr-un comunicat emis de IPJ Neam\u021b.<\/em><\/p>\n","protected":false},"excerpt":{"rendered":"<p>Duminic\u0103 diminea\u021ba, un \u0219ofer lipsit de experien\u021b\u0103, \u00een v\u00e2rst\u0103 de 18 ani, a ales s\u0103 ignore culoarea ro\u0219ie a semaforului<\/p>\n","protected":false},"author":1,"featured_media":472,"comment_status":"open","ping_status":"open","sticky":false,"template":"","format":"standard","meta":{"spay_email":"","footnotes":"","jetpack_publicize_message":""},"categories":[1,11],"tags":[],"class_list":["post-471","post","type-post","status-publish","format-standard","has-post-thumbnail","hentry","category-uncategorized","category-stiri-interne"],"jetpack_featured_media_url":"https:\/\/i0.wp.com\/realitatearutiera.ro\/wp-content\/uploads\/2015\/03\/semafor_83133400.jpg?fit=620%2C347&ssl=1","jetpack_publicize_connections":[],"jetpack_sharing_enabled":true,"jetpack_shortlink":"https:\/\/wp.me\/p61naM-7B","jetpack-related-posts":[],"_links":{"self":[{"href":"https:\/\/realitatearutiera.ro\/index.php?rest_route=\/wp\/v2\/posts\/471","targetHints":{"allow":["GET"]}}],"collection":[{"href":"https:\/\/realitatearutiera.ro\/index.php?rest_route=\/wp\/v2\/posts"}],"about":[{"href":"https:\/\/realitatearutiera.ro\/index.php?rest_route=\/wp\/v2\/types\/post"}],"author":[{"embeddable":true,"href":"https:\/\/realitatearutiera.ro\/index.php?rest_route=\/wp\/v2\/users\/1"}],"replies":[{"embeddable":true,"href":"https:\/\/realitatearutiera.ro\/index.php?rest_route=%2Fwp%2Fv2%2Fcomments&post=471"}],"version-history":[{"count":1,"href":"https:\/\/realitatearutiera.ro\/index.php?rest_route=\/wp\/v2\/posts\/471\/revisions"}],"predecessor-version":[{"id":473,"href":"https:\/\/realitatearutiera.ro\/index.php?rest_route=\/wp\/v2\/posts\/471\/revisions\/473"}],"wp:featuredmedia":[{"embeddable":true,"href":"https:\/\/realitatearutiera.ro\/index.php?rest_route=\/wp\/v2\/media\/472"}],"wp:attachment":[{"href":"https:\/\/realitatearutiera.ro\/index.php?rest_route=%2Fwp%2Fv2%2Fmedia&parent=471"}],"wp:term":[{"taxonomy":"category","embeddable":true,"href":"https:\/\/realitatearutiera.ro\/index.php?rest_route=%2Fwp%2Fv2%2Fcategories&post=471"},{"taxonomy":"post_tag","embeddable":true,"href":"https:\/\/realitatearutiera.ro\/index.php?rest_route=%2Fwp%2Fv2%2Ftags&post=471"}],"curies":[{"name":"wp","href":"https:\/\/api.w.org\/{rel}","templated":true}]}}