{"id":47203,"date":"2019-03-01T09:19:38","date_gmt":"2019-03-01T07:19:38","guid":{"rendered":"http:\/\/realitatearutiera.ro\/?p=47203"},"modified":"2019-03-01T09:19:40","modified_gmt":"2019-03-01T07:19:40","slug":"prognoza-meteo-unde-lovesc-ploi-puternice-in-ce-zone-se-anunta-ninsori-si-cat-cresc-temperaturile","status":"publish","type":"post","link":"https:\/\/realitatearutiera.ro\/?p=47203","title":{"rendered":"PROGNOZA METEO. Unde lovesc ploi puternice, \u00een ce zone se anun\u021b\u0103 ninsori \u0219i c\u00e2t cresc temperaturile"},"content":{"rendered":"\n<h4 class=\"wp-block-heading\">Luna martie aduce precipita\u021bii puternice \u00een toat\u0103 \u021bara, iar la munte se va a\u0219terne un nou strat de z\u0103pad\u0103. Administra\u021bia Na\u021bional\u0103 de Meteorologie(ANM) a publicat prognoza pentru intervalul 25 februarie-10 martie.<\/h4>\n\n\n\n<p>Estimarea este realizat\u0103 folosind produsele numerice ale Centrului European pentru prognoze pe medie durat\u0103 (ECMWF) de la Reading, Anglia. Sunt prognozate temperaturile maxime \u0219i minime, mediate pentru fiecare regiune a \u021b\u0103rii \u0219i adaptate local cu modele statistice \u0219i sunt indicate perioadele cu probabilitatea cea mai ridicat\u0103 de apari\u021bie a precipita\u021biilor.<\/p>\n\n\n\n<p><strong>14 grade \u00een Muntenia<\/strong><\/p>\n\n\n\n<p>P\u00e2n\u0103 pe 27 februarie vremea va fi normal\u0103 termic, cu o medie a temperaturilor maxime de 6&#8230;8 grade, urm\u00e2nd ca \u00een intervalul 28.02-01.03 aceasta s\u0103 creasc\u0103 spre valori de 12&#8230;14 grade, iar \u00een zilele de 2 \u0219i 3 martie media s\u0103 scad\u0103 la 9 grade. \u00cen a doua s\u0103pt\u0103m\u00e2n\u0103, valorile termice diurne vor avea maxime mai ridicate dec\u00e2t cele specifice perioadei, a c\u0103ror medie se va situa \u00eentre 13 \u0219i 16 grade. Pe parcursul celor 2 s\u0103pt\u0103m\u00e2ni, media temperaturilor minime va fi cuprins\u0103 \u00eentre -3 \u0219i 3 grade, except\u00e2nd primele 2 nop\u021bi, care vor avea o medie a minimelor termice \u00een jurul valorii de -5 grade. Vor fi precipita\u021bii slabe \u00een intervalele 26-27 februarie \u0219i 2-3 martie, dar local posibil \u0219i \u00een unele zile ale intervalului 6 \u2013 10 martie.<\/p>\n\n\n\n<p><strong>R\u0103cire \u00een Transilvania<\/strong><\/p>\n\n\n\n<p>Media temperaturilor maxime va cre\u0219te de la 3 grade \u00een prima zi, p\u00e2n\u0103 la 9&#8230;10 grade \u00een data de 1 martie. \u00cen urm\u0103toarea zi se va r\u0103ci cu aproximativ 4 grade, apoi se va \u00eenc\u0103lzi din nou, astfel c\u0103 \u00een data de 5 martie media maximelor termice va fi de 13 grade. \u00cen zilele urm\u0103toare nu vor mai fi varia\u021bii semnificative. Media temperaturilor minime va fi negativ\u0103, dar \u00een cre\u0219tere treptat\u0103, de la -11 grade \u00een prima zi p\u00e2n\u0103 \u00een jurul a 0 grade \u00een a doua parte a celei de-a doua s\u0103pt\u0103m\u00e2ni. Trec\u0103tor vor fi precipita\u021bii \u00een general slabe cantitativ aproape \u00een fiecare zi, dar mai ales \u00eencep\u00e2nd din 1 martie.<\/p>\n\n\n\n<p><strong>Oscilan\u021bii termice \u00een Moldova<\/strong><\/p>\n\n\n\n<p>\u00cen prima s\u0103pt\u0103m\u00e2n\u0103, media temperaturilor maxime va \u00eenregistra oscila\u021bii de la un interval la altul, respectiv o sc\u0103dere p\u00e2n\u0103 la 4 grade pe 27 februarie, apoi o cre\u0219tere \u00een intervalul 28.02-01.03 p\u00e2n\u0103 la 10&#8230;12 grade \u0219i din nou o sc\u0103dere, spre valori de 5&#8230;6 grade, \u00een zilele de 2 \u0219i 3 martie. \u00cen a dou\u0103 s\u0103pt\u0103m\u00e2n\u0103, valorile termice diurne vor fi, \u00een general, mai ridicate dec\u00e2t cele specifice perioadei, maximele lor fiind cuprinse, \u00een medie, \u00eentre 11 \u0219i 14 grade. Pe parcursul celor 2 s\u0103pt\u0103m\u00e2ni, media temperaturilor minime se va situa \u00eentre -1 \u0219i 3 grade, except\u00e2nd nop\u021bile din 26 februarie \u0219i 3 martie, care vor avea o medie \u00een jur de -3 grade. Vor fi precipita\u021bii slabe \u00een intervalul 26-27 februarie, dar local \u0219i \u00een unele zilele ale intervalului 1-10 martie<\/p>\n\n\n\n<p><strong>Ploi slabe \u00een Oltenia<\/strong><\/p>\n\n\n\n<p>Vremea va deveni normal\u0103 termic p\u00e2n\u0103 pe 27 februarie, c\u00e2nd media temperaturilor maxime va atinge 7 grade. \u00cen intervalul 28.02-01.03 aceast\u0103 medie va cre\u0219te spre valori de 13&#8230;15 grade, dar va sc\u0103dea \u00een zilele de 2 \u0219i 3 martie la 9 grade. \u00cen a doua s\u0103pt\u0103m\u00e2n\u0103, valorile termice diurne vor avea maxime mai ridicate dec\u00e2t cele specifice perioadei, a c\u0103ror medie se va situa \u00eentre 13 \u0219i 16 grade. Pe parcursul celor 2 s\u0103pt\u0103m\u00e2ni, media temperaturilor minime va fi cuprins\u0103 \u00eentre -3 \u0219i 3 grade, except\u00e2nd primele dou\u0103 nop\u021bi, care vor avea o medie a minimelor termice \u00een jurul valorii de -6 grade. Vor fi precipita\u021bii slabe, locale, \u00een unele zile ale intervalului 1 \u2013 10 martie.<\/p>\n\n\n\n<p><strong>Ger \u00een Banat<\/strong><\/p>\n\n\n\n<p>P\u00e2n\u0103 \u00een data de 1 martie media temperaturilor maxime va fi \u00een cre\u0219tere, de la 5 grade \u00een prima zi, p\u00e2n\u0103 la 13 grade. \u00cen data de 2 martie media maximelor termice va sc\u0103dea cu aproximativ 4 grade, apoi se va \u00eenc\u0103lzi din nou, astfel c\u0103 \u00een 5 martie aceasta va atinge 16 grade \u0219i va fi mult mai ridicat\u0103 dec\u00e2t \u00een mod normal la aceast\u0103 dat\u0103. Ulterior, p\u00e2n\u0103 la sf\u00e2r\u0219itul intervalului de prognoz\u0103, nu vor mai fi varia\u021bii termice semnificative. Media temperaturilor minime va urma o evolu\u021bie relativ asem\u0103n\u0103toare. Cel mai frig va fi \u00een primele dimine\u021bi, c\u00e2nd media minimelor termice se va situa \u00een jurul valorii de -5 grade, iar cel mai cald \u00een ultimele, c\u00e2nd media lor va fi de 4 grade. Din data de 1 martie trec\u0103tor vor fi posibile precipita\u021bii \u00een general slabe cantitativ, aproape \u00een fiecare zi.<\/p>\n\n\n\n<p><strong>Precipita\u021bii \u0219i \u00een Cri\u0219ana<\/strong><\/p>\n\n\n\n<p>Vremea se va \u00eenc\u0103lzi p\u00e2n\u0103 \u00een data de 1 martie, de la o medie a temperaturilor maxime de 5 grade \u00een prima zi, p\u00e2n\u0103 la 11&#8230;12 grade \u0219i de la o medie a temperaturilor minime de -7&#8230;-6 grade la \u00eenceput, p\u00e2n\u0103 la 2 grade. \u00cen urm\u0103toarele dou\u0103 zile, at\u00e2t media temperaturilor maxime c\u00e2t \u0219i a temperaturilor minime va sc\u0103dea cu 3&#8230;4 grade. \u00cen zilele care vor urma valorile termice vor fi \u00een general \u00een cre\u0219tere, iar media maximelor va fi \u00eentre 12 \u0219i 15 grade, iar a minimelor \u00eentre 0 \u0219i 4 grade. Probabilitatea mai mare de precipita\u021bii, \u00een general slabe \u0219i trec\u0103toare, va fi \u00een 1-2 martie, precum \u0219i dup\u0103 data de 5 martie.<\/p>\n\n\n\n<p><strong>Vreme schimb\u0103toare \u0219i \u00een Maramure\u0219<\/strong><\/p>\n\n\n\n<p>P\u00e2n\u0103 \u00een data de 5 martie valorile termice vor fi \u00een general \u00een cre\u0219tere, iar media maximelor va avea varia\u021bii \u00eentre 4 \u0219i 10 grade \u0219i a minimelor \u00eentre -7 \u0219i 0 grade. Ulterior, temperaturile nu vor mai avea varia\u021bii importante, media maximelor situ\u00e2ndu-se \u00een jurul a 12 grade, iar cea a minimelor va fi de 1&#8230;2 grade. Probabilitatea de precipita\u021bii va fi \u00een cre\u0219tere dup\u0103 data de 28 februarie.<\/p>\n\n\n\n<p><strong>11 grade pe litoral<\/strong><\/p>\n\n\n\n<p>Media temperaturilor maxime va fi de 5&#8230;6 grade p\u00e2n\u0103 pe 27 februarie, apoi va cre\u0219te \u00een intervalul 28.02-01.03 p\u00e2n\u0103 la 10&#8230;11 grade. Va urma o sc\u0103dere, spre valori de 6&#8230;7 grade, \u00een zilele de 2 \u0219i 3 martie. \u00cen a dou\u0103 s\u0103pt\u0103m\u00e2n\u0103, valorile termice diurne vor fi, \u00een general, mai ridicate dec\u00e2t cele specifice perioadei, maximele lor fiind cuprinse, \u00een medie, \u00eentre 10 \u0219i 13 grade. Pe parcursul celor 2 s\u0103pt\u0103m\u00e2ni, media temperaturilor minime se va situa \u00eentre 0 \u0219i 5 grade, except\u00e2nd nop\u021bile din 26 februarie \u0219i 29 februarie, care vor avea o medie \u00een jur de -2 grade. Vor fi precipita\u021bii slabe \u00een intervalele 26-27 februarie \u0219i 2-3 martie, dar local \u0219i \u00een unele zilele ale intervalului 4-10 martie.<\/p>\n\n\n\n<p><strong>Ninsori la munte<\/strong><\/p>\n\n\n\n<p>Pe parcursul primei s\u0103pt\u0103m\u00e2ni, media regional\u0103 a temperaturilor maxime se va \u00eencadra \u00eentre -2 grade \u0219i 3 grade, iar \u00een cea de-a doua s\u0103pt\u0103m\u00e2n\u0103 aceast\u0103 medie va dep\u0103\u0219i norma perioadei, fiind cuprins\u0103 \u00eentre 2 \u0219i 5 grade. Media temperaturilor minime va fi permanent sub pragul de \u00eenghe\u021b, cu valori de la -7 la -3 grade p\u00e2n\u0103 pe 3 martie. \u00cen s\u0103pt\u0103m\u00e2na 4 &#8211; 10 martie, tendin\u021ba va fi de u\u0219oar\u0103 cre\u0219tere, cu medii ale temperaturilor minime \u00eentre -5 \u0219i -1 grad. Se vor semnala precipita\u021bii \u00een general slabe, mai ales ninsori, \u00een intervalele 26-27 februarie \u0219i 1-3 martie, dar local \u0219i \u00een unele zile ale celei de-a doua s\u0103pt\u0103m\u00e2ni.<\/p>\n\n\n\n<p>sursa: reporterntv.ro<\/p>\n","protected":false},"excerpt":{"rendered":"<p>Luna martie aduce precipita\u021bii puternice \u00een toat\u0103 \u021bara, iar la munte se va a\u0219terne un nou strat de z\u0103pad\u0103. Administra\u021bia<\/p>\n","protected":false},"author":1,"featured_media":40409,"comment_status":"closed","ping_status":"closed","sticky":false,"template":"","format":"standard","meta":{"spay_email":"","footnotes":"","jetpack_publicize_message":""},"categories":[11],"tags":[],"class_list":["post-47203","post","type-post","status-publish","format-standard","has-post-thumbnail","hentry","category-stiri-interne"],"jetpack_featured_media_url":"https:\/\/i2.wp.com\/realitatearutiera.ro\/wp-content\/uploads\/2018\/09\/meteo.jpg?fit=499%2C377&ssl=1","jetpack_publicize_connections":[],"jetpack_sharing_enabled":true,"jetpack_shortlink":"https:\/\/wp.me\/p61naM-chl","jetpack-related-posts":[],"_links":{"self":[{"href":"https:\/\/realitatearutiera.ro\/index.php?rest_route=\/wp\/v2\/posts\/47203","targetHints":{"allow":["GET"]}}],"collection":[{"href":"https:\/\/realitatearutiera.ro\/index.php?rest_route=\/wp\/v2\/posts"}],"about":[{"href":"https:\/\/realitatearutiera.ro\/index.php?rest_route=\/wp\/v2\/types\/post"}],"author":[{"embeddable":true,"href":"https:\/\/realitatearutiera.ro\/index.php?rest_route=\/wp\/v2\/users\/1"}],"replies":[{"embeddable":true,"href":"https:\/\/realitatearutiera.ro\/index.php?rest_route=%2Fwp%2Fv2%2Fcomments&post=47203"}],"version-history":[{"count":1,"href":"https:\/\/realitatearutiera.ro\/index.php?rest_route=\/wp\/v2\/posts\/47203\/revisions"}],"predecessor-version":[{"id":47204,"href":"https:\/\/realitatearutiera.ro\/index.php?rest_route=\/wp\/v2\/posts\/47203\/revisions\/47204"}],"wp:featuredmedia":[{"embeddable":true,"href":"https:\/\/realitatearutiera.ro\/index.php?rest_route=\/wp\/v2\/media\/40409"}],"wp:attachment":[{"href":"https:\/\/realitatearutiera.ro\/index.php?rest_route=%2Fwp%2Fv2%2Fmedia&parent=47203"}],"wp:term":[{"taxonomy":"category","embeddable":true,"href":"https:\/\/realitatearutiera.ro\/index.php?rest_route=%2Fwp%2Fv2%2Fcategories&post=47203"},{"taxonomy":"post_tag","embeddable":true,"href":"https:\/\/realitatearutiera.ro\/index.php?rest_route=%2Fwp%2Fv2%2Ftags&post=47203"}],"curies":[{"name":"wp","href":"https:\/\/api.w.org\/{rel}","templated":true}]}}