{"id":47349,"date":"2019-03-05T09:35:52","date_gmt":"2019-03-05T07:35:52","guid":{"rendered":"http:\/\/realitatearutiera.ro\/?p=47349"},"modified":"2019-03-05T09:35:57","modified_gmt":"2019-03-05T07:35:57","slug":"mare-atentie-la-achizitionarea-unei-masini-cu-volanul-pe-dreapta-in-ce-conditii-o-poti-inmatricula","status":"publish","type":"post","link":"https:\/\/realitatearutiera.ro\/?p=47349","title":{"rendered":"Mare aten\u021bie la achizi\u021bionarea unei ma\u0219ini cu volanul pe dreapta! \u00cen ce condi\u021bii o po\u021bi \u00eenmatricula"},"content":{"rendered":"\n<p><strong>Te g\u00e2nde\u0219ti&nbsp;s\u0103 \u00ee\u021bi&nbsp;cumperi o ma\u0219in\u0103&nbsp;cu volanul pe dreapta? G\u00e2nde\u0219te-te foarte bine, pentru c\u0103 Ministerul Transporturilor a dat recent un ordin care restric\u021bioneaz\u0103 drastic \u00eenmatricularea acestor modele.<\/strong><\/p>\n\n\n\n<p>Planul Ministerului Transporturilor vizeaz\u0103 mai multe aspecte, dar cel concentrat pe ma\u0219inile cu volanul pe dreapta a ie\u0219it \u00een eviden\u021b\u0103. Au fost impuse \u0219i alte schimb\u0103ri la omologarea individual\u0103, certificarea autenticit\u0103\u021bii vehiculelor rutiere \u0219i la eliberarea c\u0103r\u021bii de identitate.<\/p>\n\n\n\n<p>Legea despre care vorbim vizeaz\u0103 \u00een mod special ma\u0219inile cu volanul pe dreapta importate din afara Uniunii Europene. \u00cen urma aplic\u0103rii noilor norme, acestea nu mai pot primi omologare pentru \u00eenmatriculare. Practic, dac\u0103 aduci \u00een Rom\u00e2nia o ma\u0219in\u0103 v\u00e2ndut\u0103 ini\u021bial \u00een afara UE \u0219i care are volanul pe dreapta, aceasta nu mai poate fi \u00eenmatriculat\u0103 la noi.<\/p>\n\n\n\n<p>M\u0103surile sunt prev\u0103zute \u00een&nbsp;<a href=\"http:\/\/www.monitoruljuridic.ro\/act\/ordin-nr-1-255-din-13-august-2018-pentru-modificarea-i-completarea-reglement-rilor-nbsp-privind-omologarea-individual-eliberarea-c-r-ii-de-identitate-i-certificarea-autenticit-ii-vehiculelor-rutiere-rntr-7-aprobate-204282.html?fbclid=IwAR0V2t2oC0MTKLONzahi88SO3XFahW1XSqwyxA_rno2jnfHtknV6smQQE8U\" target=\"_blank\" rel=\"noreferrer noopener\">Ordinul nr. 1.255 din 13 august 2018<\/a>&nbsp;pentru modificarea \u0219i completarea Reglement\u0103rilor privind omologarea individual\u0103, eliberarea c\u0103r\u021bii de identitate \u0219i certificarea autenticit\u0103\u021bii vehiculelor rutiere \u2013 RNTR 7, aprobate prin Ordinul Ministrului Transporturilor, Construc\u021biilor \u0219i Turismului nr. 2.132\/2005.<\/p>\n\n\n\n<p>Capitolul IV, punctul 3.1 al acestui act prevede urm\u0103toarele:<\/p>\n\n\n\n<p>\u201ePostul de conducere trebuie s\u0103 fie situat pe partea st\u00e2ng\u0103 \u00een raport cu planul median longitudinal al autovehiculului.\u00a0<strong>Sunt exceptate<\/strong>\u00a0autovehiculele speciale utilizate \u00een serviciile publice comunitare (cur\u0103\u021benie stradal\u0103), precum \u0219i\u00a0<strong>autovehiculele care au fost \u00eenmatriculate ultima dat\u0103 \u00eentr-un alt stat membru al UE<\/strong> \u0219i care nu au suferit modific\u0103ri \u00een raport cu configura\u021bia de \u00eenmatriculare ini\u021bial\u0103. Pentru acestea din urm\u0103, \u00een cazul autovehiculelor din categoriile M_2 \u0219i M_3, u\u0219ile de serviciu vor fi amplasate pe partea dreapt\u0103, \u00een raport cu planul median longitudinal al autovehiculului&#8217;.<\/p>\n\n\n\n<p>Ordinul a fost publicat \u00een Monitorul Oficial al Rom\u00e2niei pe 27 august 2018, iar m\u0103surile au intrat \u00een vigoare 15 zile mai t\u00e2rziu. Practic, \u00eencep\u00e2nd de pe 11 septembrie 2018, cet\u0103\u021benii rom\u00e2ni nu mai pot \u00eenmatricula o ma\u0219in\u0103 cu volanul pe dreapta provenit\u0103 din afara spa\u021biului comunitar. Poli\u021bi\u0219tii de la Rutier\u0103 \u0219i mul\u021bi \u0219oferi din Rom\u00e2nia ar fi dorit&nbsp;<a href=\"https:\/\/www.auto-bild.ro\/headline\/masinile-cu-volanul-pe-partea-dreapta-vor-fi-interzise-romania-117330.html\" target=\"_blank\" rel=\"noreferrer noopener\">interzicerea acestora cu totul<\/a>, indiferent de provenien\u021b\u0103, din cauza pericolului pe care \u00eel prezint\u0103 \u00een materie de vizibilitate. Totu\u0219i, acest lucru nu este posibil din cauza legisla\u021biei comunitare.<\/p>\n\n\n\n<p>La fel cum cet\u0103\u021benii rom\u00e2ni, spre exemplu, au voie s\u0103 conduc\u0103 \u00een Regatul Unit ma\u0219ini cu volanul pe st\u00e2nga \u0219i chiar \u00eenmatriculate \u00een Rom\u00e2nia, cet\u0103\u021benii acelei \u021b\u0103ri \u2013 \u0219i nu doar ei \u2013 vor avea voie s\u0103 conduc\u0103 ma\u0219ini cu volanul pe dreapta \u00een \u00eentreaga Uniune European\u0103. Cel pu\u021bin, p\u00e2n\u0103 la finalizarea Brexit (29 martie 2019). Dup\u0103 acel moment, nu este clar \u00een ce direc\u021bie va merge legisla\u021bia, dar nu sunt a\u0219teptate schimb\u0103ri majore, deoarece ar afecta dreptul la liber\u0103 circula\u021bie a m\u0103rfurilor \u0219i a persoanelor.<\/p>\n\n\n\n<p>Legea nu afecteaz\u0103 ma\u0219inile deja \u00eenmatriculate \u00een Rom\u00e2nia \u00eenainte de 11 septembrie 2018. Altfel, ar fi fost \u00eenc\u0103lcat dreptul la proprietate al cet\u0103\u021benilor. Se consider\u0103 oficial c\u0103 respectivele vehicule erau conforme cu legile rom\u00e2ne\u0219ti \u0219i europene \u00een momentul \u00eenmatricul\u0103rii.<\/p>\n\n\n\n<p>sursa:auto-bild.ro<\/p>\n","protected":false},"excerpt":{"rendered":"<p>Te g\u00e2nde\u0219ti&nbsp;s\u0103 \u00ee\u021bi&nbsp;cumperi o ma\u0219in\u0103&nbsp;cu volanul pe dreapta? G\u00e2nde\u0219te-te foarte bine, pentru c\u0103 Ministerul Transporturilor a dat recent un ordin<\/p>\n","protected":false},"author":1,"featured_media":47350,"comment_status":"closed","ping_status":"closed","sticky":false,"template":"","format":"standard","meta":{"spay_email":"","footnotes":"","jetpack_publicize_message":""},"categories":[11],"tags":[],"class_list":["post-47349","post","type-post","status-publish","format-standard","has-post-thumbnail","hentry","category-stiri-interne"],"jetpack_featured_media_url":"https:\/\/i0.wp.com\/realitatearutiera.ro\/wp-content\/uploads\/2019\/03\/plansa-bord-audi-a4-b7-volan-dreapta-2cd0a53cb7ab8dcf33-0-0-0-0-0.jpg?fit=1000%2C664&ssl=1","jetpack_publicize_connections":[],"jetpack_sharing_enabled":true,"jetpack_shortlink":"https:\/\/wp.me\/p61naM-cjH","jetpack-related-posts":[],"_links":{"self":[{"href":"https:\/\/realitatearutiera.ro\/index.php?rest_route=\/wp\/v2\/posts\/47349","targetHints":{"allow":["GET"]}}],"collection":[{"href":"https:\/\/realitatearutiera.ro\/index.php?rest_route=\/wp\/v2\/posts"}],"about":[{"href":"https:\/\/realitatearutiera.ro\/index.php?rest_route=\/wp\/v2\/types\/post"}],"author":[{"embeddable":true,"href":"https:\/\/realitatearutiera.ro\/index.php?rest_route=\/wp\/v2\/users\/1"}],"replies":[{"embeddable":true,"href":"https:\/\/realitatearutiera.ro\/index.php?rest_route=%2Fwp%2Fv2%2Fcomments&post=47349"}],"version-history":[{"count":1,"href":"https:\/\/realitatearutiera.ro\/index.php?rest_route=\/wp\/v2\/posts\/47349\/revisions"}],"predecessor-version":[{"id":47351,"href":"https:\/\/realitatearutiera.ro\/index.php?rest_route=\/wp\/v2\/posts\/47349\/revisions\/47351"}],"wp:featuredmedia":[{"embeddable":true,"href":"https:\/\/realitatearutiera.ro\/index.php?rest_route=\/wp\/v2\/media\/47350"}],"wp:attachment":[{"href":"https:\/\/realitatearutiera.ro\/index.php?rest_route=%2Fwp%2Fv2%2Fmedia&parent=47349"}],"wp:term":[{"taxonomy":"category","embeddable":true,"href":"https:\/\/realitatearutiera.ro\/index.php?rest_route=%2Fwp%2Fv2%2Fcategories&post=47349"},{"taxonomy":"post_tag","embeddable":true,"href":"https:\/\/realitatearutiera.ro\/index.php?rest_route=%2Fwp%2Fv2%2Ftags&post=47349"}],"curies":[{"name":"wp","href":"https:\/\/api.w.org\/{rel}","templated":true}]}}