{"id":47588,"date":"2019-03-11T07:55:57","date_gmt":"2019-03-11T05:55:57","guid":{"rendered":"http:\/\/realitatearutiera.ro\/?p=47588"},"modified":"2019-03-11T08:00:54","modified_gmt":"2019-03-11T06:00:54","slug":"simulare-evaluare-nationala-2019","status":"publish","type":"post","link":"https:\/\/realitatearutiera.ro\/?p=47588","title":{"rendered":"Simulare Evaluare Na\u021bional\u0103 2019"},"content":{"rendered":"\n<p><strong>Consiliul Na\u021bional al Elevilor (CNE) \u00eei \u00eendeamn\u0103 pe elevii de clasa a VII-a care sus\u0163in luni simularea la evaluarea na\u0163ional\u0103 s\u0103 dea foaia goal\u0103. Prin aceast\u0103 form\u0103 de protest CNE dore\u0219te s\u0103 aduc\u0103 \u00een aten\u021bia public\u0103 problema metodelor de evaluare din sistemul nostru de \u00eenv\u0103\u021b\u0103m\u00e2nt nu se pliaz\u0103 pe nevoile \u0219i interesele actuale.<br><\/strong><br>&#8220;Invit\u0103m elevii din Rom\u00e2nia s\u0103 ni se al\u0103ture \u00een protestul prin care ne opunem modului \u00een care sunt organizate simul\u0103rile examenelor na\u021bionale. Mai mult dec\u00e2t orice altceva, o facem pentru genera\u021biile viitoare, pentru c\u0103 ele nu trebuie s\u0103 fie asemenea nou\u0103, o genera\u021bie de sacrificiu, o genera\u021bie de cobai ai Ministerului Educa\u021biei Na\u021bionale. Modific\u0103rile nefundamentate din acest an ne fac s\u0103 refuz\u0103m a fi p\u0103rta\u0219i la acest experiment, unde examenele par a deveni un scop, nu un mijloc. D\u0103m foaia goal\u0103 pentru c\u0103 simul\u0103rile nu ne vor evalua competen\u021bele, ci doar cuno\u0219tin\u021bele. Nu ne vor evalua capacitatea de a g\u00e2ndi critic, ci doar capacitatea de a reproduce informa\u021biile care ne-au fost dictate la clas\u0103&#8221;, arat\u0103 Consiliul Elevilor&nbsp;<a href=\"https:\/\/drive.google.com\/file\/d\/1tQpz_8U-LehImQ2kf3dBXxMGfoZO5Awp\/view?fbclid=IwAR0S8GvBr60rl7bJXSBnUw2Dr0lJ2GGSsO-EqRy7Qj0gcdfSsI8A5itjKvc\">\u00eentr-un comunicat de pres\u0103.&nbsp;<\/a><\/p>\n\n\n\n<p>Elevii spun c\u0103 simul\u0103rile au ajuns s\u0103 fie experimentul ministerului, nu experien\u021belelor de \u00eenv\u0103\u021bare.<\/p>\n\n\n\n<p>&#8220;Acest lucru ne motiveaz\u0103 s\u0103 ne ridic\u0103m \u00een fa\u021ba tuturor acestor nedrept\u0103\u021bi, printr-un protest: fie d\u00e2nd foaia goal\u0103, fie scriind tot ceea ce este gre\u0219it la sistem, transform\u00e2ndu-ne foaia de examen \u00eentr-un manifest fa\u021b\u0103 de \u00eenv\u0103\u021b\u0103m\u00e2ntul rom\u00e2nesc. D\u0103m foaia goal\u0103 pentru c\u0103 schimb\u0103rile nefundamentate nu sunt solu\u021bia \u00een educa\u021bie: pentru c\u0103 atunci c\u00e2nd regulile se schimb\u0103 \u00een timpul jocului, e\u0219ti \u00eendrept\u0103\u021bit s\u0103 ie\u0219i din joc. Itemii de tip obiectiv nu au fost etalona\u021bi, iar noi, de\u0219i suntem beneficiarii direc\u021bi ai educa\u021biei, nu am fost consulta\u021bi. Mai mult dec\u00e2t at\u00e2t, suntem constr\u00e2n\u0219i s\u0103 accept\u0103m schimb\u0103rile f\u0103cute din pix care \u00eencep s\u0103 caracterizeze sistemul de \u00eenv\u0103\u021b\u0103m\u00e2nt rom\u00e2nesc&#8221;, mai arat\u0103 elevii.&nbsp;<\/p>\n\n\n\n<p>CNE consider\u0103 c\u0103 astfel trage un semnal de alarm\u0103 \u00eenainte s\u0103 fie prea t\u00e2rziu \u015fi s\u0103 ajung\u0103 \u00een situa\u0163ia \u00een care vor sus\u021bine simul\u0103ri de examene na\u021bionale anual.&nbsp;<\/p>\n\n\n\n<p>Elevii spun c\u0103 \u00eenc\u0103 o evaluare \u00een clasa a VII-a este nejustificat\u0103, pentru c\u0103 nu s-au l\u0103murit \u00eenc\u0103 de ce au dat-o pe cea din clasa a VI-a,&nbsp;<\/p>\n\n\n\n<p>&#8220;\u00cenc\u0103 o simulare nu ne va face nici mai st\u0103p\u00e2ni pe competen\u021bele noastre, nici mai pu\u021bin stresa\u021bi la g\u00e2ndul c\u0103 ne a\u0219teapt\u0103 ani grei, ani \u00een care vom alerga de la un meditator la altul, ani \u00een care, dup\u0103 at\u00e2tea examene \u0219i evalu\u0103ri standardizate, nimeni nu ne va \u00eentreba spre ce domeniu vrem s\u0103 ne \u00eendrept\u0103m&#8221;, \u00ee\u015fi jutific\u0103 elevii protestul.&nbsp;<\/p>\n\n\n\n<p><a href=\"https:\/\/www.hotnews.ro\/stiri-educatie-23021286-simulare-evaluare-nationala-2019-subiecte-limba-romana-350-000-elevi-dau-proba-limba-romana.htm\">350.000 de elevi \u00eenscri\u0219i \u00een clasele VII-VIII la \u00eenceputul anului \u0219colar 2018-2019 sunt a\u015ftepta\u0163i, luni, s\u0103 sus\u0163in\u0103 proba de limba rom\u00e2n\u0103.<\/a>&nbsp;Ministerul Educa\u0163iei Na\u0163ionale organizeaz\u0103, \u00een perioada 11 &#8211; 13 martie 2019, la nivel na\u021bional, simularea Evalu\u0103rii Na\u021bionale pentru elevii clasei a VIII-a (EN VIII), la care particip\u0103, \u00een premier\u0103, \u0219i elevii clasei a VII-a.<\/p>\n\n\n\n<p><strong>Calendar simulare Evaluare Na\u0163ional\u0103 2019<\/strong><\/p>\n\n\n\n<p><strong>11 martie 2019<\/strong>&nbsp;Limba \u015fi literatura rom\u00e2n\u0103 \u2013 prob\u0103 scris\u0103&nbsp;<\/p>\n\n\n\n<p><strong>12 martie 2019<\/strong>&nbsp;Matematic\u0103 \u2013 prob\u0103 scris\u0103&nbsp;<\/p>\n\n\n\n<p><strong>13 martie 2019&nbsp;<\/strong>Limba \u015fi literatura matern\u0103 \u2013 prob\u0103 scris\u0103&nbsp;<\/p>\n\n\n\n<p><strong>22 martie 2019<\/strong>\u00a0Afi\u0219area rezultatelor la simulare evaluare na\u021bional\u0103 2019\u00a0<\/p>\n\n\n\n<h1 class=\"wp-block-heading\">Premier\u0103 la proba de la limba rom\u00e2n\u0103<\/h1>\n\n\n\n<p>Luni, \u00eencep\u00e2nd cu ora 9.00, elevii vor avea de sus\u021binut proba la limba \u0219i literatura rom\u00e2n\u0103. La examen participa elevii de clasa a VIII-a, dar \u0219i cei de clasa a VII-a. Este o premier\u0103 ca elevii cu un an mai mic s\u0103 participe la acest examen.<\/p>\n\n\n\n<p><strong>S<\/strong>Accesul \u00een sal\u0103 este permis p\u00e2n\u0103 la ora 8.30. Examenul \u00eencepe la ora 9.00, c\u00e2nd subiectele sunt aduse \u00een clas\u0103. Elevii au dou\u0103 ore la dispozi\u021bie s\u0103 completeze foile de Simulare. Subiectele sunt elaborate de c\u0103tre speciali\u015ftii Centrului Na\u0163ional de Evaluare \u015fi Examinare (CNEE).<\/p>\n\n\n\n<p><strong> <\/strong>Corectarea lucr\u00eerilor va fi realizat\u0103 \u00een baza unor bareme. Vor fi corectate de doi profesori care, de regul\u0103, sunt din unit\u0103\u021bile de \u00eenv\u0103\u021b\u0103m\u00e2nt \u00een care elevii sus\u021bin simularea. Rezultatele vor fi analizate la nivel de \u0219coal\u0103 \u0219i de clas\u0103.<\/p>\n\n\n\n<p><strong> <\/strong>Scopul impus de Simulare Evaluarea Na\u021bional\u0103 2019 este de \u00eembun\u0103t\u0103\u021bire a performan\u021belor \u0219colare ale elevilor.<\/p>\n\n\n\n<p>Sursa:hotnews<\/p>\n","protected":false},"excerpt":{"rendered":"<p>Consiliul Na\u021bional al Elevilor (CNE) \u00eei \u00eendeamn\u0103 pe elevii de clasa a VII-a care sus\u0163in luni simularea la evaluarea na\u0163ional\u0103<\/p>\n","protected":false},"author":1,"featured_media":47592,"comment_status":"closed","ping_status":"closed","sticky":false,"template":"","format":"standard","meta":{"spay_email":"","footnotes":"","jetpack_publicize_message":""},"categories":[6],"tags":[],"class_list":["post-47588","post","type-post","status-publish","format-standard","has-post-thumbnail","hentry","category-social"],"jetpack_featured_media_url":"https:\/\/i2.wp.com\/realitatearutiera.ro\/wp-content\/uploads\/2019\/03\/simulare-evaluare-nationala-2019-premiera-la-proba-de-la-limba-romana-582191.jpg?fit=620%2C349&ssl=1","jetpack_publicize_connections":[],"jetpack_sharing_enabled":true,"jetpack_shortlink":"https:\/\/wp.me\/p61naM-cny","jetpack-related-posts":[],"_links":{"self":[{"href":"https:\/\/realitatearutiera.ro\/index.php?rest_route=\/wp\/v2\/posts\/47588","targetHints":{"allow":["GET"]}}],"collection":[{"href":"https:\/\/realitatearutiera.ro\/index.php?rest_route=\/wp\/v2\/posts"}],"about":[{"href":"https:\/\/realitatearutiera.ro\/index.php?rest_route=\/wp\/v2\/types\/post"}],"author":[{"embeddable":true,"href":"https:\/\/realitatearutiera.ro\/index.php?rest_route=\/wp\/v2\/users\/1"}],"replies":[{"embeddable":true,"href":"https:\/\/realitatearutiera.ro\/index.php?rest_route=%2Fwp%2Fv2%2Fcomments&post=47588"}],"version-history":[{"count":1,"href":"https:\/\/realitatearutiera.ro\/index.php?rest_route=\/wp\/v2\/posts\/47588\/revisions"}],"predecessor-version":[{"id":47594,"href":"https:\/\/realitatearutiera.ro\/index.php?rest_route=\/wp\/v2\/posts\/47588\/revisions\/47594"}],"wp:featuredmedia":[{"embeddable":true,"href":"https:\/\/realitatearutiera.ro\/index.php?rest_route=\/wp\/v2\/media\/47592"}],"wp:attachment":[{"href":"https:\/\/realitatearutiera.ro\/index.php?rest_route=%2Fwp%2Fv2%2Fmedia&parent=47588"}],"wp:term":[{"taxonomy":"category","embeddable":true,"href":"https:\/\/realitatearutiera.ro\/index.php?rest_route=%2Fwp%2Fv2%2Fcategories&post=47588"},{"taxonomy":"post_tag","embeddable":true,"href":"https:\/\/realitatearutiera.ro\/index.php?rest_route=%2Fwp%2Fv2%2Ftags&post=47588"}],"curies":[{"name":"wp","href":"https:\/\/api.w.org\/{rel}","templated":true}]}}