{"id":48225,"date":"2019-03-26T11:36:12","date_gmt":"2019-03-26T09:36:12","guid":{"rendered":"http:\/\/realitatearutiera.ro\/?p=48225"},"modified":"2019-03-26T11:37:39","modified_gmt":"2019-03-26T09:37:39","slug":"accident-terifiant-un-copil-de-2-ani-a-murit-dupa-ce-o-usa-metalica-a-cazut-peste-el","status":"publish","type":"post","link":"https:\/\/realitatearutiera.ro\/?p=48225","title":{"rendered":"Accident terifiant: Un copil de 2 ani a murit dup\u0103 ce o u\u015f\u0103 metalic\u0103 a c\u0103zut peste el"},"content":{"rendered":"\n<p>Potrivit unor surse judiciare, \u00een scara unui bloc din Turda a c\u0103zur o u\u015f\u0103 metalic\u0103, rezemat\u0103 de perete, peste un copil de 2 ani.<\/p>\n\n\n\n<p>Copilul a fost transportat la spitalul din Turda, unde a fost declarat decesul.<\/p>\n\n\n\n<p>Poli\u0163i\u015ftii au \u00eentocmit dosar penal pentru ucidere din culp\u0103 \u015fi continu\u0103 cercet\u0103rile.<\/p>\n\n\n\n<p>Surse judiciare au declarat, corespondentului MEDIAFAX, c\u0103 incidentul a avut loc la parterul unui bloc, unde un b\u0103rbat \u015fi-a schimbat u\u015fa de la intrare, iar pe cea veche a rezemat-o de perete.<\/p>\n\n\n\n<p>\n\n\u201e\u00cen fa\u0163a blocului erau mai multe persoane, printre care \u015fi mama copilului de 2 ani. La un moment dat, aceasta a intrat \u00een scara blocului pentru a discuta cu b\u0103rbatul care \u015fi-a schimbat u\u015fa, \u00een apartamentul acestuia, dup\u0103 care, ulterior, a intrat \u015fi b\u0103ie\u0163elul. Persoanele care erau afar\u0103 au auzit o bubuitur\u0103, iar c\u00e2nd au intrat \u00een scar\u0103 au v\u0103zut u\u015fa care c\u0103zuse peste b\u0103ie\u0163el \u015fi au sunat la ambulan\u0163\u0103\u201d, au spus sursele citate.\n\n<\/p>\n","protected":false},"excerpt":{"rendered":"<p>Potrivit unor surse judiciare, \u00een scara unui bloc din Turda a c\u0103zur o u\u015f\u0103 metalic\u0103, rezemat\u0103 de perete, peste un<\/p>\n","protected":false},"author":1,"featured_media":45953,"comment_status":"closed","ping_status":"closed","sticky":false,"template":"","format":"standard","meta":{"spay_email":"","footnotes":"","jetpack_publicize_message":""},"categories":[6],"tags":[],"class_list":["post-48225","post","type-post","status-publish","format-standard","has-post-thumbnail","hentry","category-social"],"jetpack_featured_media_url":"https:\/\/i1.wp.com\/realitatearutiera.ro\/wp-content\/uploads\/2019\/01\/ambulanta_32816900.jpg?fit=460%2C260&ssl=1","jetpack_publicize_connections":[],"jetpack_sharing_enabled":true,"jetpack_shortlink":"https:\/\/wp.me\/p61naM-cxP","jetpack-related-posts":[],"_links":{"self":[{"href":"https:\/\/realitatearutiera.ro\/index.php?rest_route=\/wp\/v2\/posts\/48225","targetHints":{"allow":["GET"]}}],"collection":[{"href":"https:\/\/realitatearutiera.ro\/index.php?rest_route=\/wp\/v2\/posts"}],"about":[{"href":"https:\/\/realitatearutiera.ro\/index.php?rest_route=\/wp\/v2\/types\/post"}],"author":[{"embeddable":true,"href":"https:\/\/realitatearutiera.ro\/index.php?rest_route=\/wp\/v2\/users\/1"}],"replies":[{"embeddable":true,"href":"https:\/\/realitatearutiera.ro\/index.php?rest_route=%2Fwp%2Fv2%2Fcomments&post=48225"}],"version-history":[{"count":2,"href":"https:\/\/realitatearutiera.ro\/index.php?rest_route=\/wp\/v2\/posts\/48225\/revisions"}],"predecessor-version":[{"id":48227,"href":"https:\/\/realitatearutiera.ro\/index.php?rest_route=\/wp\/v2\/posts\/48225\/revisions\/48227"}],"wp:featuredmedia":[{"embeddable":true,"href":"https:\/\/realitatearutiera.ro\/index.php?rest_route=\/wp\/v2\/media\/45953"}],"wp:attachment":[{"href":"https:\/\/realitatearutiera.ro\/index.php?rest_route=%2Fwp%2Fv2%2Fmedia&parent=48225"}],"wp:term":[{"taxonomy":"category","embeddable":true,"href":"https:\/\/realitatearutiera.ro\/index.php?rest_route=%2Fwp%2Fv2%2Fcategories&post=48225"},{"taxonomy":"post_tag","embeddable":true,"href":"https:\/\/realitatearutiera.ro\/index.php?rest_route=%2Fwp%2Fv2%2Ftags&post=48225"}],"curies":[{"name":"wp","href":"https:\/\/api.w.org\/{rel}","templated":true}]}}