{"id":48245,"date":"2019-03-26T12:19:52","date_gmt":"2019-03-26T10:19:52","guid":{"rendered":"http:\/\/realitatearutiera.ro\/?p=48245"},"modified":"2019-03-26T12:19:58","modified_gmt":"2019-03-26T10:19:58","slug":"ninsoare-la-sfarsitul-lunii-martie-in-predeal","status":"publish","type":"post","link":"https:\/\/realitatearutiera.ro\/?p=48245","title":{"rendered":"NINSOARE la sf\u00e2r\u015fitul lunii martie \u00een Predeal"},"content":{"rendered":"\n<p>Drumarii intervin, mar\u0163i, \u00een jude\u0163ul Bra\u015fov, pe DN 1, \u00een Predeal \u015fi pe DN73A, zona R\u00e2\u015fnov, cu mai multe utilaje de desz\u0103pezire \u015fi \u00eempr\u0103\u015ftie material antiderapant, dup\u0103 ce \u00een zon\u0103 a \u00eenceput s\u0103 ning\u0103.<\/p>\n\n\n\n<p>Purt\u0103torul de cuv\u00e2nt al Direc\u0163iei Regionale de Drumuri \u015fi Poduri Bra\u015fov, Elekes Robert, a declarat, corespondentului MEDIAFAX, c\u0103 \u00een Predeal a \u00eenceput s\u0103 ning\u0103 \u00een jurul orei 9.30.<\/p>\n\n\n\n<p>Mai multe utilaje de desz\u0103pezire intervin pe DN1 \u015fi DN73A, spre R\u00e2\u015fnov.<\/p>\n\n\n\n<p>\u201e<em>Stratul de z\u0103pad\u0103 este de 2 &#8211; 3 centimetri, pe marginea drumului. Pe \u015fosea nu s-a depus pentru c\u0103 intervin mai multe utilaje de desz\u0103pezire. \u00cempr\u0103\u015ftiem \u015fi material antiderapant. Intervenim pe DN1 \u015fi DN73A\u201d<\/em>, a declarat Elekes.<\/p>\n\n\n\n<figure class=\"wp-block-image\"><img decoding=\"async\" src=\"https:\/\/i1.wp.com\/storage0.dms.mpinteractiv.ro\/media\/1\/1\/1688\/17981741\/2\/predeal2.jpg?w=800&#038;ssl=1\" alt=\"This image has an empty alt attribute; its file name is predeal2.jpg\" data-recalc-dims=\"1\"\/><\/figure>\n\n\n\n<p> Potrivit reprezentan\u0163ilor Centrului Meteorologic Transilvania Sud, \u00een Predeal va ninge p\u00e2n\u0103 mar\u0163i seara, iar pentru miercuri sunt prognozate temperaturi de 2 grade Celsius. <\/p>\n\n\n\n<p>Sursa:mediafax<\/p>\n\n\n\n<figure class=\"wp-block-image\"><img decoding=\"async\" src=\"https:\/\/i2.wp.com\/gdero.hit.gemius.pl\/_%5BTIMESTAMP%5D\/redot.gif?w=800&#038;ssl=1\" alt=\"\" data-recalc-dims=\"1\"\/><\/figure>\n","protected":false},"excerpt":{"rendered":"<p>Drumarii intervin, mar\u0163i, \u00een jude\u0163ul Bra\u015fov, pe DN 1, \u00een Predeal \u015fi pe DN73A, zona R\u00e2\u015fnov, cu mai multe utilaje<\/p>\n","protected":false},"author":1,"featured_media":48246,"comment_status":"closed","ping_status":"closed","sticky":false,"template":"","format":"standard","meta":{"spay_email":"","footnotes":"","jetpack_publicize_message":""},"categories":[6],"tags":[],"class_list":["post-48245","post","type-post","status-publish","format-standard","has-post-thumbnail","hentry","category-social"],"jetpack_featured_media_url":"https:\/\/i2.wp.com\/realitatearutiera.ro\/wp-content\/uploads\/2019\/03\/predeal.mp4.jpg?fit=640%2C352&ssl=1","jetpack_publicize_connections":[],"jetpack_sharing_enabled":true,"jetpack_shortlink":"https:\/\/wp.me\/p61naM-cy9","jetpack-related-posts":[],"_links":{"self":[{"href":"https:\/\/realitatearutiera.ro\/index.php?rest_route=\/wp\/v2\/posts\/48245","targetHints":{"allow":["GET"]}}],"collection":[{"href":"https:\/\/realitatearutiera.ro\/index.php?rest_route=\/wp\/v2\/posts"}],"about":[{"href":"https:\/\/realitatearutiera.ro\/index.php?rest_route=\/wp\/v2\/types\/post"}],"author":[{"embeddable":true,"href":"https:\/\/realitatearutiera.ro\/index.php?rest_route=\/wp\/v2\/users\/1"}],"replies":[{"embeddable":true,"href":"https:\/\/realitatearutiera.ro\/index.php?rest_route=%2Fwp%2Fv2%2Fcomments&post=48245"}],"version-history":[{"count":1,"href":"https:\/\/realitatearutiera.ro\/index.php?rest_route=\/wp\/v2\/posts\/48245\/revisions"}],"predecessor-version":[{"id":48247,"href":"https:\/\/realitatearutiera.ro\/index.php?rest_route=\/wp\/v2\/posts\/48245\/revisions\/48247"}],"wp:featuredmedia":[{"embeddable":true,"href":"https:\/\/realitatearutiera.ro\/index.php?rest_route=\/wp\/v2\/media\/48246"}],"wp:attachment":[{"href":"https:\/\/realitatearutiera.ro\/index.php?rest_route=%2Fwp%2Fv2%2Fmedia&parent=48245"}],"wp:term":[{"taxonomy":"category","embeddable":true,"href":"https:\/\/realitatearutiera.ro\/index.php?rest_route=%2Fwp%2Fv2%2Fcategories&post=48245"},{"taxonomy":"post_tag","embeddable":true,"href":"https:\/\/realitatearutiera.ro\/index.php?rest_route=%2Fwp%2Fv2%2Ftags&post=48245"}],"curies":[{"name":"wp","href":"https:\/\/api.w.org\/{rel}","templated":true}]}}