{"id":48605,"date":"2019-04-08T10:11:14","date_gmt":"2019-04-08T07:11:14","guid":{"rendered":"http:\/\/realitatearutiera.ro\/?p=48605"},"modified":"2019-04-08T10:11:20","modified_gmt":"2019-04-08T07:11:20","slug":"asezamantul-monahal-patrunsa-comparat-cu-meteorele-din-grecia","status":"publish","type":"post","link":"https:\/\/realitatearutiera.ro\/?p=48605","title":{"rendered":"A\u015fez\u0103m\u00e2ntul monahal P\u0103trunsa comparat cu Meteorele din Grecia"},"content":{"rendered":"\n<p> V\u00e2lcea este jude\u0163ul cu cele mai multe l\u0103ca\u015furi de cult din \u0163ar\u0103, unele dintre ele seculare, monumente istorice \u015fi chiar \u00een patrimoniul UNESCO, precum M\u0103n\u0103stirea Horezu. Una dintre ele este considerat\u0103 drept \u201elocul monahal cel mai izolat din Rom\u00e2nia\u201d, fiindc\u0103 accesul \u00een zon\u0103 este destul de dificil. O filmare recent\u0103, realizat\u0103 cu drona, arat\u0103 frumuse\u0163ea \u015fi s\u0103lb\u0103ticia locului \u015fi a \u00eemprejurimilor. <\/p>\n\n\n\n<p>  \u00a0 Parcul Na\u0163ional Buila V\u00e2nturari\u0163a este plin de m\u0103n\u0103stiri. De sute de ani aici au tr\u0103it pustnici, oameni care au renun\u0163at la tot \u015fi toate, ca s\u0103 tr\u0103iasc\u0103 \u00een rug\u0103ciune \u015fi s\u0103 se preg\u0103teasc\u0103 de ve\u015fnicie.\u00a0 \u00a0 \u00a0 \u00a0 <\/p>\n\n\n\n<p>\u00a0 A\u015fez\u0103m\u00e2ntul monahal P\u0103trunsa, din jude\u0163ul V\u00e2lcea, a fost deseori comparat cu Meteorele din Grecia, dat fiind culmile impresionante pe care se afl\u0103, sub V\u00e2rful Builei. O m\u0103n\u0103stire de o frumuse\u0163e aparte, la care se poate ajunge doar pe poteci de munte, fiind plasat\u0103 \u00eentr-un peisaj pitoresc, \u00eentr-o poian\u0103 coco\u0163at\u0103 pe coama muntelui. <\/p>\n\n\n\n<p>Al\u0163ii o consider\u0103 \u201esora Athosului rom\u00e2nesc &#8211; M\u0103n\u0103stirea Fr\u0103sinei\u201d, locul unde via\u0163a monahal\u0103 se desf\u0103\u015foar\u0103 dup\u0103 acelea\u015fi canoane precum cele de la Muntele Sf\u00e2nt: accesul femeilor este interzis la Fr\u0103sinei, iar restul regulilor biserice\u015fti athonite sunt respectate cu sfiin\u0163enie.\u00a0 <\/p>\n\n\n\n<p>\u00a0 \u00cen mare parte, la fel se \u00eent\u00e2mpl\u0103 \u015fi la P\u0103trunsa, cu execep\u0163ia interdic\u0163iei legat\u0103 de accesul femeilor. Dar acestea nu au voie s\u0103 r\u0103m\u00e2n\u0103 peste noapte, \u00een locurile de cazare, dec\u00e2t de trei ori pe an, c\u00e2nd se s\u0103rb\u0103tore\u015fte hramul a\u015fez\u0103m\u00e2ntului: de 8 mai &#8211; de ziua Sf\u00e2ntului Ioan Evanghelistul, 14 octombrie &#8211; de Cuvioasa Paraschiva, precum \u015fi de \u00cenvierea Domnului.\u00a0 \u00a0<\/p>\n\n\n\n<p> Exist\u0103 dou\u0103 biserici aici. Una ridicat\u0103 \u00een secolul 19, pe locul celei ctitorite la \u00eenceputul secolului 18 de Episcopul Climent al R\u00e2mnicului pe locul unde i-a dat via\u0163\u0103 chiar mama sa, \u015fi care a fost distrus\u0103 de o st\u00e2nc\u0103. Cealalt\u0103 biseric\u0103, impun\u0103toare ca o catedral\u0103, ridicat\u0103 \u00eentre 2002 \u015fi 2006.\u00a0 <\/p>\n\n\n\n<p>\u00a0 Pentru aproape o jum\u0103tate de secol, m\u0103n\u0103stirea a fost p\u0103r\u0103sit\u0103, secolul trecut. La Revolu\u0163ie, num\u0103rul vie\u0163uitorilor era extrem de sc\u0103zut, decenii la r\u00e2nd av\u00e2nd doar un singur locuitor &#8211; monahul Veniamin Grigorescu. Abia din 1996, locul a prins iar\u0103\u015fi via\u0163\u0103, odat\u0103 cu venirea actualului stare\u0163, p\u0103rintele Varsanufie. El este cel care a adus r\u00e2nduiala athonit\u0103 de la Fr\u0103sinei, aici.\u00a0 \u00a0 <\/p>\n\n\n\n<p>O filmare cu drona f\u0103cut\u0103 de cur\u00e2nd, deasupra acestui loc departe de lume, arat\u0103 nu doar frumuse\u0163ea aparte a a\u015fez\u0103m\u00e2ntului monahal, dar \u015fi peisajul pitoresc, irea,l din Mun\u0163ii Builei. Filmarea se g\u0103se\u015fte \u00een varianta complet\u0103 tot pe YouTube. Imaginile surprind M\u0103n\u0103stirea P\u0103trunsa \u015fi apoi Carpa\u0163ii Meridionali din Curm\u0103tura Builei: Muntele Alb, Mun\u0163ii Lotrului, Mun\u0163ii Par\u00e2ng, Muntele Cozia \u015fi Mun\u0163ii F\u0103g\u0103ra\u015f, iar apoi primele semne ale venirii prim\u0103verii pe culmile care se apropie de 2000 de metri altitudine.\u00a0\u00a0 \u00a0 <\/p>\n\n\n\n<figure class=\"wp-block-embed-youtube wp-block-embed is-type-video is-provider-youtube wp-embed-aspect-16-9 wp-has-aspect-ratio\"><div class=\"wp-block-embed__wrapper\">\n<span class=\"embed-youtube\" style=\"text-align:center; display: block;\"><iframe class='youtube-player' width='800' height='450' src='https:\/\/www.youtube.com\/embed\/tIni47rJhRU?version=3&#038;rel=1&#038;fs=1&#038;autohide=2&#038;showsearch=0&#038;showinfo=1&#038;iv_load_policy=1&#038;wmode=transparent' allowfullscreen='true' style='border:0;'><\/iframe><\/span>\n<\/div><\/figure>\n\n\n\n<p>M\u0103n\u0103stirea P\u0103trunsa se afl\u0103 \u00een Parcul Na\u0163ional Buila V\u00e2nturari\u0163a, din Mun\u0163ii C\u0103p\u0103\u0163\u00e2nii, cel mai mic parc natural din Rom\u00e2nia. Cele mai multe atrac\u0163ii naturale ale Olteniei de sub Munte sunt concentrate aici. O mul\u0163ime de chei, pe\u015fteri, peisaje carstice, habitate \u015fi specii protejate \u00eentr-un loc catalogat de to\u0163i cei care ajung \u00een zon\u0103 drept \u201efenomenal\u201d:\u00a0 <\/p>\n\n\n\n<p>\u00a0 \u201eCeva\u2026 fabulos! Apoi, surprizele au continuat, pentru c\u0103 \u00een cur\u00e2nd am dat nas \u00een nas abrupturile, de data asta de aproape. Absolut colosal! Nu \u00eemi imaginasem nici 5% din ce era acolo, sau c\u0103 Buila ar putea fi at\u00e2t de impun\u0103tor! Te cople\u015fea pur \u015fi simplu! Am reg\u0103sit acolo sus un pic din Piatra Craiului, un pic din Bucegi, un pic din Leaota, dar cert e c\u0103 sufletul e tot al Builei, unic\u201d, sun\u0103 una dintre cele mai complete caracteriz\u0103ri, f\u0103cut\u0103 de un iubitor al muntelului pe \u201ebloguldecalatorii.ro\u201d unui t\u0103r\u00e2m s\u0103lbatic, \u00eenchis \u015fi misterios \u00een aceea\u015fi m\u0103sur\u0103, care se las\u0103 descoperit cu efort, dar \u201ete \u00eendeamn\u0103 la respect \u015fi smerenie\u201d, chiar dac\u0103 cele mai \u00eenalte culmi ale sale nu dep\u0103\u015fesc 1900 m.\u00a0 <\/p>\n\n\n\n<p>Sursa:adevarul<\/p>\n","protected":false},"excerpt":{"rendered":"<p>V\u00e2lcea este jude\u0163ul cu cele mai multe l\u0103ca\u015furi de cult din \u0163ar\u0103, unele dintre ele seculare, monumente istorice \u015fi chiar<\/p>\n","protected":false},"author":1,"featured_media":48606,"comment_status":"closed","ping_status":"closed","sticky":false,"template":"","format":"standard","meta":{"spay_email":"","footnotes":"","jetpack_publicize_message":""},"categories":[53],"tags":[],"class_list":["post-48605","post","type-post","status-publish","format-standard","has-post-thumbnail","hentry","category-periplu-prin-romania"],"jetpack_featured_media_url":"https:\/\/i2.wp.com\/realitatearutiera.ro\/wp-content\/uploads\/2019\/04\/schitul-patrunsa-valcea-1.jpg?fit=450%2C297&ssl=1","jetpack_publicize_connections":[],"jetpack_sharing_enabled":true,"jetpack_shortlink":"https:\/\/wp.me\/p61naM-cDX","jetpack-related-posts":[],"_links":{"self":[{"href":"https:\/\/realitatearutiera.ro\/index.php?rest_route=\/wp\/v2\/posts\/48605","targetHints":{"allow":["GET"]}}],"collection":[{"href":"https:\/\/realitatearutiera.ro\/index.php?rest_route=\/wp\/v2\/posts"}],"about":[{"href":"https:\/\/realitatearutiera.ro\/index.php?rest_route=\/wp\/v2\/types\/post"}],"author":[{"embeddable":true,"href":"https:\/\/realitatearutiera.ro\/index.php?rest_route=\/wp\/v2\/users\/1"}],"replies":[{"embeddable":true,"href":"https:\/\/realitatearutiera.ro\/index.php?rest_route=%2Fwp%2Fv2%2Fcomments&post=48605"}],"version-history":[{"count":1,"href":"https:\/\/realitatearutiera.ro\/index.php?rest_route=\/wp\/v2\/posts\/48605\/revisions"}],"predecessor-version":[{"id":48607,"href":"https:\/\/realitatearutiera.ro\/index.php?rest_route=\/wp\/v2\/posts\/48605\/revisions\/48607"}],"wp:featuredmedia":[{"embeddable":true,"href":"https:\/\/realitatearutiera.ro\/index.php?rest_route=\/wp\/v2\/media\/48606"}],"wp:attachment":[{"href":"https:\/\/realitatearutiera.ro\/index.php?rest_route=%2Fwp%2Fv2%2Fmedia&parent=48605"}],"wp:term":[{"taxonomy":"category","embeddable":true,"href":"https:\/\/realitatearutiera.ro\/index.php?rest_route=%2Fwp%2Fv2%2Fcategories&post=48605"},{"taxonomy":"post_tag","embeddable":true,"href":"https:\/\/realitatearutiera.ro\/index.php?rest_route=%2Fwp%2Fv2%2Ftags&post=48605"}],"curies":[{"name":"wp","href":"https:\/\/api.w.org\/{rel}","templated":true}]}}