{"id":48653,"date":"2019-04-11T08:49:02","date_gmt":"2019-04-11T05:49:02","guid":{"rendered":"http:\/\/realitatearutiera.ro\/?p=48653"},"modified":"2019-04-11T13:21:58","modified_gmt":"2019-04-11T10:21:58","slug":"48653","status":"publish","type":"post","link":"https:\/\/realitatearutiera.ro\/?p=48653","title":{"rendered":"Istoria M\u00e2n\u0103stirii Fr\u0103sinei"},"content":{"rendered":"\n<p> Sf\u00e2ntul Ierarh Calinic de la Cernica, pr\u0103znuit de ortodoc\u015fi \u00een fiecare an la 11 aprilie, a interzis \u00een urm\u0103 cu mai bine de dou\u0103 secole intrarea femeilor \u00een m\u00e2n\u0103stirea Fr\u0103sinei printr-o hot\u0103r\u00e2re gravat\u0103 pe o piatr\u0103. Sf\u00e2ntul ar fi luat aceast\u0103 hot\u0103r\u00e2re \u00een anul 1867 din cauza faptului c\u0103, \u00een timpul unei vizite inopinate la m\u00e2n\u0103stire, i-ar fi g\u0103sit pe c\u0103lug\u0103ri chefuind cu femeile din sat.  <\/p>\n\n\n\n<p>Legenda spune c\u0103 hot\u0103r\u00e2rea a fost luat\u0103 de episcopul R\u00e2mnicului, Sf\u00e2ntul Ierarh Calinic de la Cernica \u00een 1867. \u015ei ast\u0103zi, \u00een acest loc oamenii p\u0103\u015fesc cu fric\u0103, iar femeile care \u00eendr\u0103znesc s\u0103 ajung\u0103 \u00een m\u0103n\u0103stire au parte de cele mai mari nenorociri. &nbsp; <\/p>\n\n\n\n<p>\u00cen aceast\u0103 m\u0103n\u0103stire, cunoscut\u0103 \u015fi sub denumirea de Athosul rom\u00e2nesc, regulamentul Sf\u00e2ntului Calinic, unic \u00een felul lui, de a nu se m\u00e2nca niciodat\u0103 carne \u00een m\u0103n\u0103stire, de a nu intra niciodata femei \u015fi de a se face slujba la miezul nop\u0163ii p\u00e2n\u0103 diminea\u0163a, este p\u0103strat cu stricte\u0163e. &nbsp; <\/p>\n\n\n\n<p>La Fr\u0103sinei tr\u0103ie\u015fte o ob\u015fte de 54 de c\u0103lug\u0103ri, f\u0103r\u0103 ca picior de femeie s\u0103 tulbure lini\u015ftea. Despre legendele care circul\u0103 despre Fr\u0103sinei vorbesc \u015fi reprezentan\u0163ii Patriarhiei Rom\u00e2ne. Vasile B\u0103nescu, purt\u0103tor de cuv\u00e2nt explic\u0103 de ce nu trebuie s\u0103 d\u0103m crezare pove\u015ftilor despre blesteme: &nbsp;<\/p>\n\n\n\n<p> \u201c \u00cen primul r\u00e2nd trebuie evitat termenul de blestem, este o impreca\u0163ie cu con\u0163inut negativ. Regula \u00eempiedic\u0103rii accesului \u00een m\u0103n\u0103stire a femeilor este dup\u0103 modelul de la muntele Athos. Vorbim aici despre o regul\u0103 atonic\u0103, un program riguros, unde se sluje\u015fte zi \u015fi noapte. Ra\u0163iunea pentru care nu se acord\u0103 acces femeilor este protejarea monahilor \u00een fa\u0163a unei ispite fire\u015fti cu pu\u0163in\u0163\u0103 s\u0103-i tulbure pe ei \u00een via\u0163a aspr\u0103 pe care o duc, pornind de la reguli stricte care nu se \u00eencalc\u0103 niciodat\u0103. De altfel aici, nu se consum\u0103 carne \u015fi se fac slujbe ne\u00eentrerupt, este un program riguros\u201d. &nbsp; <\/p>\n\n\n\n<p>Despre nenorocirile care circul\u0103 \u00een pove\u015ftile populare despre femeile care au \u00eenc\u0103lcat leg\u0103m\u00e2ntul de la Fr\u0103sinei, Vasile B\u0103nescu spune c\u0103 sunt \u201clucruri neverificabile c\u0103rora nu le trebuie acordat\u0103 aten\u0163ie \u00een spa\u0163iul cre\u015ftin\u201d. \u201cBlestemul nu-\u015fi are rostul c\u00e2nd vorbim de Dumnezeu, circul\u0103 legende. Sunt doar pove\u015fti\u201d, e de p\u0103rere purt\u0103torul de cuv\u00e2nt al Patriarhiei. &nbsp;<\/p>\n\n\n\n<p><strong> Schit \u00eentre p\u0103duri &nbsp; <\/strong><\/p>\n\n\n\n<p>Istoria M\u00e2n\u0103stirii Fr\u0103sinei \u00eencepe \u00een jurul anilor 1710, c\u00e2nd doi c\u0103lug\u0103ri s-au retras \u00een comuna Muereasca, \u00een apropiere de Sibiu, \u015fi au construit \u00eentre p\u0103duri un schit. La mijlocul secolului al XVIII-lea, c\u00e2\u0163iva boieri din V\u00e2lcea au dat bani pentru reconstruirea l\u0103ca\u015fului cunoscut \u00een prezent drept \u201ebiserica veche\u201d. <\/p>\n\n\n\n<figure class=\"wp-block-image\"><img decoding=\"async\" src=\"https:\/\/i0.wp.com\/adevarul.ro\/assets\/adevarul.ro\/MRImage\/2018\/03\/22\/5ab3d570df52022f75e4d4f2\/646x404.jpg?w=800&#038;ssl=1\" alt=\"\" data-recalc-dims=\"1\"\/><\/figure>\n\n\n\n<p>&nbsp; &nbsp;&nbsp;<\/p>\n\n\n\n<p> \u00centre 1788 \u015fi 1845 biserica a fost l\u0103sat\u0103 \u00een paragin\u0103 \u015fi abia \u00een 1860, la cererea episcopului R\u00e2mnicului, Sf\u00e2ntul Ierarh Calinic de la Cernica, \u00eencepe construc\u0163ia bisericii noi \u015fi a unor chilii pentru c\u0103lug\u0103ri. \u015eapte ani mai t\u00e2rziu, Sf\u00e2ntul Calinic&nbsp; interzice intrarea femeilor \u00een M\u00e2n\u0103stirea Fr\u0103sinei printr-o hot\u0103r\u00e2re gravat\u0103 pe o piatra. Legenda spune c\u0103 episcopul R\u00e2mnicului ar fi luat aceast\u0103 hot\u0103r\u00e2re din cauza faptului c\u0103, \u00een timpul unei vizite inopinate la m\u00e2n\u0103stire, i-ar fi g\u0103sit pe c\u0103lug\u0103ri chefuind cu femeile din sat. &nbsp; <\/p>\n\n\n\n<p><strong>Leg\u0103m\u00e2ntul din 1876 &nbsp; <\/strong><\/p>\n\n\n\n<p>Conform leg\u0103m\u00e2ntului, persoanele de sex feminin care vor trece pragul l\u0103ca\u015fului sf\u00e2nt&nbsp; vor atrage asupra lor toate nenorocirile. &nbsp;<\/p>\n\n\n\n<figure class=\"wp-block-image\"><img decoding=\"async\" src=\"https:\/\/i2.wp.com\/adevarul.ro\/assets\/adevarul.ro\/MRImage\/2018\/04\/06\/5ac7629fdf52022f757f36c6\/646x404.png?w=800&#038;ssl=1\" alt=\"\" data-recalc-dims=\"1\"\/><\/figure>\n\n\n\n<p>\u201eAcest sf\u00e2nt laca\u015f s-a cl\u0103dit din temelie spre a fi chinovie de p\u0103rin\u0163i monahi \u015fi fiindc\u0103 din partea femeiasc\u0103 putea s\u0103 aduc\u0103 vreun scandal monahilor vie\u0163uitori de acolo, de aceea sub grea leg\u0103tur\u0103 s-a oprit de la acest loc s\u0103 mai treac\u0103 \u00eenainte, sub nici un chip, parte femeiasc\u0103. Iar cele ce vor \u00eendr\u0103zni a trece s\u0103 fie sub blestem \u015fi toate nenorocirile s\u0103 vie asupra lor, precum: s\u0103r\u0103cia, g\u00e2rb\u0103via \u015fi tot felul de pedepse, \u015fi iar\u0103\u015fi celor ce vor p\u0103zi aceast\u0103 hot\u0103r\u00e2re s\u0103 aib\u0103 blagoslovenia lui Dumnezeu \u015fi a smereniei noastre \u015fi s\u0103 vin\u0103 asupra lor fericitul bine. Calinic, episcopul R\u00e2mnicului Noului Severin, 17 ian. 1867\u201d, scrie pe piatra de leg\u0103m\u00e2nt a Sf\u00e2ntului Calinic. &nbsp;<\/p>\n\n\n\n<figure class=\"wp-block-image\"><img decoding=\"async\" src=\"https:\/\/i2.wp.com\/adevarul.ro\/assets\/adevarul.ro\/MRImage\/2018\/03\/22\/5ab3d546df52022f75e4d3cf\/646x404.jpg?w=800&#038;ssl=1\" alt=\"\" data-recalc-dims=\"1\"\/><\/figure>\n\n\n\n<p> <strong>A fost stare\u0163 la Cernica timp de 31 de ani <\/strong>&nbsp; <\/p>\n\n\n\n<p>Sf\u00e2ntul Ierarh Calinic de la Cernica s-a n\u0103scut \u00een Bucure\u015fti, pe 7 octombrie 1787. La v\u00e2rsta de 20 de ani ajunge la m\u0103n\u0103stirea Cernica, din apropierea Bucure\u015ftilor. La cererea duhovnicului s\u0103u, pe 12 noiembrie 1808, t\u00e2n\u0103rul Constantin devine monahul Calinic. La m\u0103n\u0103stirea Cernica a fost ieromonah, preot \u015fi stare\u0163 timp de 31 de ani. Refuz\u00e2nd s\u0103 fie mitropolit al Ungrovlahiei, a fost ales \u00een anul 1850 \u00een fruntea episcopiei R\u00e2mnicului. Acest\u0103 episcopie func\u0163iona la Craiova \u015fi fusese mutat\u0103 \u00een urma incendiului din 1847. Recl\u0103dind catedrala episcopal\u0103 de la R\u00e2mnicu-Valcea, s-a mutat aici \u00een 1857, unde a p\u0103storit p\u00e2n\u0103 \u00een 1868. &nbsp; <\/p>\n\n\n\n<p><strong>\u201cCapitala tipografilor\u201d <\/strong><\/p>\n\n\n\n<p>&nbsp; Printre \u00eenf\u0103ptuirile sale de seam\u0103 se num\u0103r\u0103 \u015fi m\u0103n\u0103stirea Fr\u0103sinei. Este locul \u00een care nu au acces femeile. Conform scrierilor telogice, Sf\u00e2ntul Calinic a pus pe drumul spre Fr\u0103sinei o born\u0103: &#8220;P\u00e2n\u0103 aici au voie femeile, de aici este partea monahilor&#8221;. Aceasta a fost scoas\u0103 \u00een perioada comunist\u0103, p\u0103str\u00e2ndu-se acum \u00een m\u0103n\u0103stire.<\/p>\n\n\n\n<figure class=\"wp-block-image\"><img decoding=\"async\" src=\"https:\/\/i2.wp.com\/adevarul.ro\/assets\/adevarul.ro\/MRImage\/2013\/05\/02\/51827a62053c7dd83f692c79\/646x404.jpg?w=800&#038;ssl=1\" alt=\"\" data-recalc-dims=\"1\"\/><\/figure>\n\n\n\n<p> &nbsp;<\/p>\n\n\n\n<p> Sf\u00e2ntul Calinic a \u00eenfiin\u0163at o tipografie \u00een anul 1861, la R\u00e2mnic. La aceast\u0103 tipografie a tip\u0103rit c\u0103r\u0163i de cult \u015fi multe dintre lucr\u0103rile sale. Pe la 1850-1880 tip\u0103rea asa de mult, \u00eenc\u00eet mai tarziu Nicolae Iorga a numit R\u00e2mnicul &#8220;Capitala tipografilor&#8221;. Sf\u00e2ntul Calinic a fost \u00eengropat, dup\u0103 dorin\u0163a sa, la M\u0103n\u0103stirea Cernica, \u00een tinda Bisericii &#8220;Sf\u00e2ntul Gheorghe\u201c. &nbsp;<\/p>\n\n\n\n<p><strong> Canonizat \u00een 1955 <\/strong><\/p>\n\n\n\n<p>&nbsp; Pentru via\u0163a sa curat\u0103 \u015fi merituoas\u0103, Sf\u00e2ntul Sinod al Bisericii Ortodoxe Rom\u00e2ne a hot\u0103r\u00e2t ca s\u0103 fie trecut \u00een r\u00e2ndul sfin\u0163ilor. Canonizarea a avut loc la M\u0103n\u0103stirea Cernica \u00een zilele de 21 \u015fi 23 octombrie 1955. Pr\u0103znuirea a fost fixat\u0103 la data trecerii sale c\u0103tre Domnul, 11 aprilie, iar tot atunci au fost alc\u0103tuite \u015fi slujbele de pomenire ale Sf\u00e2ntului. Moa\u015ftele Sf\u00e2ntului Calinic se afl\u0103 la m\u0103n\u0103stirea Cernica.  <\/p>\n\n\n\n<figure class=\"wp-block-image\"><img decoding=\"async\" src=\"https:\/\/i1.wp.com\/doxologia.ro\/sites\/default\/files\/styles\/media-articol\/public\/imagine\/2015\/04\/moastele_sfantului_ierarh_calinic_de_la_cernica_episcopul_ramnicului_1.jpg?w=800&#038;ssl=1\" alt=\"Imagini pentru Moa\u00c5\u009ftele Sf\u00c3\u00a2ntului Calinic se afl\u00c4\u0083 la m\u00c4\u0083n\u00c4\u0083stirea Cernica.\" data-recalc-dims=\"1\"\/><\/figure>\n\n\n\n<p>Sursa:adevarul<\/p>\n","protected":false},"excerpt":{"rendered":"<p>Sf\u00e2ntul Ierarh Calinic de la Cernica, pr\u0103znuit de ortodoc\u015fi \u00een fiecare an la 11 aprilie, a interzis \u00een urm\u0103 cu<\/p>\n","protected":false},"author":1,"featured_media":48654,"comment_status":"closed","ping_status":"closed","sticky":false,"template":"","format":"standard","meta":{"spay_email":"","footnotes":"","jetpack_publicize_message":""},"categories":[53],"tags":[],"class_list":["post-48653","post","type-post","status-publish","format-standard","has-post-thumbnail","hentry","category-periplu-prin-romania"],"jetpack_featured_media_url":"https:\/\/i0.wp.com\/realitatearutiera.ro\/wp-content\/uploads\/2019\/04\/646x404-4.jpg?fit=646%2C404&ssl=1","jetpack_publicize_connections":[],"jetpack_sharing_enabled":true,"jetpack_shortlink":"https:\/\/wp.me\/s61naM-48653","jetpack-related-posts":[],"_links":{"self":[{"href":"https:\/\/realitatearutiera.ro\/index.php?rest_route=\/wp\/v2\/posts\/48653","targetHints":{"allow":["GET"]}}],"collection":[{"href":"https:\/\/realitatearutiera.ro\/index.php?rest_route=\/wp\/v2\/posts"}],"about":[{"href":"https:\/\/realitatearutiera.ro\/index.php?rest_route=\/wp\/v2\/types\/post"}],"author":[{"embeddable":true,"href":"https:\/\/realitatearutiera.ro\/index.php?rest_route=\/wp\/v2\/users\/1"}],"replies":[{"embeddable":true,"href":"https:\/\/realitatearutiera.ro\/index.php?rest_route=%2Fwp%2Fv2%2Fcomments&post=48653"}],"version-history":[{"count":2,"href":"https:\/\/realitatearutiera.ro\/index.php?rest_route=\/wp\/v2\/posts\/48653\/revisions"}],"predecessor-version":[{"id":48681,"href":"https:\/\/realitatearutiera.ro\/index.php?rest_route=\/wp\/v2\/posts\/48653\/revisions\/48681"}],"wp:featuredmedia":[{"embeddable":true,"href":"https:\/\/realitatearutiera.ro\/index.php?rest_route=\/wp\/v2\/media\/48654"}],"wp:attachment":[{"href":"https:\/\/realitatearutiera.ro\/index.php?rest_route=%2Fwp%2Fv2%2Fmedia&parent=48653"}],"wp:term":[{"taxonomy":"category","embeddable":true,"href":"https:\/\/realitatearutiera.ro\/index.php?rest_route=%2Fwp%2Fv2%2Fcategories&post=48653"},{"taxonomy":"post_tag","embeddable":true,"href":"https:\/\/realitatearutiera.ro\/index.php?rest_route=%2Fwp%2Fv2%2Ftags&post=48653"}],"curies":[{"name":"wp","href":"https:\/\/api.w.org\/{rel}","templated":true}]}}