{"id":48896,"date":"2019-04-18T07:59:05","date_gmt":"2019-04-18T04:59:05","guid":{"rendered":"http:\/\/realitatearutiera.ro\/?p=48896"},"modified":"2019-04-18T07:59:10","modified_gmt":"2019-04-18T04:59:10","slug":"grav-microbuz-cu-16-persoane-la-bord-implicat-intr-o-coliziune-cu-un-autobuz-trei-pasageri-transportati-la-spital","status":"publish","type":"post","link":"https:\/\/realitatearutiera.ro\/?p=48896","title":{"rendered":"GRAV: Microbuz cu 16 persoane la bord, implicat \u00eentr-o coliziune cu un autobuz\/ Trei pasageri transporta\u0163i la spital"},"content":{"rendered":"\n<p>Un microbuz cu 16 persoane la bord a fost implicat \u00eentr-un accident, joi, \u00een comuna Meri\u015fani din jude\u0163ul Arge\u015f, dup\u0103 ce a intrat \u00een coliziune cu un autobuz gol. Trei pasageri ai microbuzului au ajuns la spital.<\/p>\n\n\n\n<p>Microbuz cu 16 persoane la bord, implicat \u00eentr-un accident \u00een Arge\u015f<\/p>\n\n\n\n<figure class=\"wp-block-image\"><img decoding=\"async\" src=\"https:\/\/i1.wp.com\/storage0.dms.mpinteractiv.ro\/media\/1\/1\/1688\/18089603\/1\/whatsapp-image-2019-04-06-at-08-45-35.jpg?w=800&#038;ssl=1\" alt=\"Imaginea articolului Accident grav \u00c3\u00aen Arge\u00c5\u009f: Microbuz cu 16 persoane la bord, implicat \u00c3\u00aentr-o coliziune cu un autobuz\/ Trei pasageri transporta\u00c5\u00a3i la spital\" data-recalc-dims=\"1\"\/><\/figure>\n\n\n\n<p>Potrivit reprezenta\u0163ilor Inspectoratului pentru Situa\u0163ii de Urgen\u0163\u0103 Arge\u015f, accidentul s-a produs \u00een comuna Meri\u015fani. Aici, un microbuz cu 16 persoane la bord a intrat \u00een coliziune cu un autobuz gol.<\/p>\n\n\n\n<p>Trei b\u0103rba\u0163i din microbuz au acuzat dureri la coloana cervical\u0103.<\/p>\n\n\n\n<p>\u201eToate cele trei victime sunt b\u0103rba\u0163i, pasageri ai microbuzului, \u015fi vor fi transporta\u0163i la spital\u201d, au declarat reprezenta\u0163ii Inspectoratului pentru Situa\u0163ii de Urgen\u0163\u0103 Arge\u015f.<\/p>\n\n\n\n<p>Sursa:mediafax<\/p>\n","protected":false},"excerpt":{"rendered":"<p>Un microbuz cu 16 persoane la bord a fost implicat \u00eentr-un accident, joi, \u00een comuna Meri\u015fani din jude\u0163ul Arge\u015f, dup\u0103<\/p>\n","protected":false},"author":1,"featured_media":43384,"comment_status":"closed","ping_status":"closed","sticky":false,"template":"","format":"standard","meta":{"spay_email":"","footnotes":"","jetpack_publicize_message":""},"categories":[1],"tags":[],"class_list":["post-48896","post","type-post","status-publish","format-standard","has-post-thumbnail","hentry","category-uncategorized"],"jetpack_featured_media_url":"https:\/\/i1.wp.com\/realitatearutiera.ro\/wp-content\/uploads\/2018\/11\/trafic-blocat-pe-valea-oltului-un-mort-si-mai-multi-raniti-dupa-un-accident-infiorator-461175.jpg?fit=550%2C308&ssl=1","jetpack_publicize_connections":[],"jetpack_sharing_enabled":true,"jetpack_shortlink":"https:\/\/wp.me\/p61naM-cIE","jetpack-related-posts":[],"_links":{"self":[{"href":"https:\/\/realitatearutiera.ro\/index.php?rest_route=\/wp\/v2\/posts\/48896","targetHints":{"allow":["GET"]}}],"collection":[{"href":"https:\/\/realitatearutiera.ro\/index.php?rest_route=\/wp\/v2\/posts"}],"about":[{"href":"https:\/\/realitatearutiera.ro\/index.php?rest_route=\/wp\/v2\/types\/post"}],"author":[{"embeddable":true,"href":"https:\/\/realitatearutiera.ro\/index.php?rest_route=\/wp\/v2\/users\/1"}],"replies":[{"embeddable":true,"href":"https:\/\/realitatearutiera.ro\/index.php?rest_route=%2Fwp%2Fv2%2Fcomments&post=48896"}],"version-history":[{"count":1,"href":"https:\/\/realitatearutiera.ro\/index.php?rest_route=\/wp\/v2\/posts\/48896\/revisions"}],"predecessor-version":[{"id":48897,"href":"https:\/\/realitatearutiera.ro\/index.php?rest_route=\/wp\/v2\/posts\/48896\/revisions\/48897"}],"wp:featuredmedia":[{"embeddable":true,"href":"https:\/\/realitatearutiera.ro\/index.php?rest_route=\/wp\/v2\/media\/43384"}],"wp:attachment":[{"href":"https:\/\/realitatearutiera.ro\/index.php?rest_route=%2Fwp%2Fv2%2Fmedia&parent=48896"}],"wp:term":[{"taxonomy":"category","embeddable":true,"href":"https:\/\/realitatearutiera.ro\/index.php?rest_route=%2Fwp%2Fv2%2Fcategories&post=48896"},{"taxonomy":"post_tag","embeddable":true,"href":"https:\/\/realitatearutiera.ro\/index.php?rest_route=%2Fwp%2Fv2%2Ftags&post=48896"}],"curies":[{"name":"wp","href":"https:\/\/api.w.org\/{rel}","templated":true}]}}