{"id":48898,"date":"2019-04-18T08:05:19","date_gmt":"2019-04-18T05:05:19","guid":{"rendered":"http:\/\/realitatearutiera.ro\/?p=48898"},"modified":"2019-04-18T08:19:25","modified_gmt":"2019-04-18T05:19:25","slug":"portugalia-tragedie-zeci-de-morti-dupa-ce-un-autocar-cu-turisti-a-cazut-intr-o-prapastie","status":"publish","type":"post","link":"https:\/\/realitatearutiera.ro\/?p=48898","title":{"rendered":"Portugalia. TRAGEDIE. ZECI de MOR\u021aI dup\u0103 ce un AUTOCAR cu TURI\u0218TI a C\u0102ZUT \u00eentr-o pr\u0103pastie"},"content":{"rendered":"\n<p>Cel pu\u0163in 29 persoane au murit, iar alte 27 au fost r\u0103nite dup\u0103 ce un autocar care transporta zeci de turi\u015fti a c\u0103zut \u00eentr-o pr\u0103pastie, pe Insula portughez\u0103 Madeira, informeaz\u0103 site-ul postului BBC.<\/p>\n\n\n\n<figure class=\"wp-block-image\"><a href=\"https:\/\/www.mediafax.ro\/externe\/update-tragedie-in-portugalia-cel-putin-29-de-persoane-au-murit-dupa-ce-un-autocar-a-cazut-intr-o-prapastie-pe-insula-madeira-video-18089439\/foto\"><img decoding=\"async\" src=\"https:\/\/i0.wp.com\/storage0.dms.mpinteractiv.ro\/media\/1\/1\/3614\/18089439\/2\/madeira.jpg?w=800&#038;ssl=1\" alt=\"Imaginea articolului UPDATE Tragedie \u00een Portugalia: Cel pu\u0163in 29 de persoane au murit dup\u0103 ce un autocar a c\u0103zut \u00eentr-o pr\u0103pastie, pe Insula Madeira | VIDEO\" data-recalc-dims=\"1\"\/><\/a><\/figure>\n\n\n\n<p>UPDATE Tragedie \u00een Portugalia: Cel pu\u0163in 29 de persoane au murit dup\u0103 ce un autocar a c\u0103zut \u00eentr-o pr\u0103pastie, pe Insula Madeira | VIDEO<\/p>\n\n\n\n<p><strong>UPDATE ORA 07.40&nbsp;Cel pu\u0163in 29 de persoane au murit dup\u0103 ce un autocar a c\u0103zut \u00eentr-o pr\u0103pastie, pe insula Madeira<\/strong><\/p>\n\n\n\n<p>Cel pu\u0163in 29 de persoane, majoritatea din Germania, au murit iar al\u0163i 27 de oameni au fost r\u0103ni\u0163i dup\u0103 ce un autocar a c\u0103zut \u00eentr-o pr\u0103pastie, pe insula portughez\u0103 Madeira, miercuri, transmit autorit\u0103\u0163ile.<\/p>\n\n\n\n<p>Autocarul s-a r\u0103sturnat \u00eentr-o zon\u0103 reziden\u0163ial\u0103, \u00een ora\u015ful Canico, spune primarul Filipe Sousa. Imaginile publicate \u00een pres\u0103 arat\u0103 vehiculul r\u0103sturnat pe o parte, \u00eenconjurat de serviciile de urgen\u0163\u0103.&nbsp;<\/p>\n\n\n\n<p>\u201eNu pot s\u0103 descriu ce s-a \u00eent\u00e2mplat. Nu pot privi cum sufer\u0103 ace\u015fti oameni\u201d, spune Sousa pentru postul de \u015ftiri SIC TV.<\/p>\n\n\n\n<p>Primarul adaug\u0103 c\u0103 to\u0163i turi\u015ftii din autocar erau din Germania, dar vehiculul a lovit \u015fi pietoni.&nbsp;<\/p>\n\n\n\n<p>\u00cen autocar se aflau peste 50 de persoane, iar cei mor\u0163i includ 11 b\u0103rba\u0163i \u015fi 18 femei. Victimele aveau v\u00e2rste cuprinse \u00eentre 40 \u015fi 50 de ani, potrivit unui oficial.&nbsp;<\/p>\n\n\n\n<figure class=\"wp-block-image\"><img decoding=\"async\" src=\"https:\/\/i2.wp.com\/media.stiridiaspora.ro\/image\/201904\/w670\/portugalia_accident_autocar_turisti_prapastie.jpg?w=800&#038;ssl=1\" alt=\"Imagini pentru Tragedie \u00c3\u00aen Portugalia: Cel pu\u00c5\u00a3in 29 de persoane au murit dup\u00c4\u0083 ce un autocar a c\u00c4\u0083zut \u00c3\u00aentr-o pr\u00c4\u0083pastie, pe Insula Madeira\" data-recalc-dims=\"1\"\/><\/figure>\n\n\n\n<p><strong>UPDATE ora 22.30<\/strong>:&nbsp;<strong>Num\u0103rul victimelor a fost confirmat de agen\u0163ia na\u0163ional\u0103 de \u015ftiri Lusa<\/strong><\/p>\n\n\n\n<p>Publica\u0163ia german\u0103 Bild a informat c\u0103 nou\u0103 turi\u015fti se afl\u0103 printre cei care au murit \u00een accident. La bordul autocarului se aflau circa 50 de persoane.<\/p>\n\n\n\n<p>Cauza accidentului nu este cunoscut\u0103 \u00eenc\u0103.<\/p>\n\n\n\n<p>Accidentul a avut loc miercuri dup\u0103-amiaz\u0103 \u00een zona Cani\u00e7o de Baixo din Arhipelagul Madeira. Un autocar care transporta zeci de turi\u015fti s-a r\u0103sturnat \u015fi a c\u0103zut \u00eentr-o pr\u0103pastie.<\/p>\n\n\n\n<figure class=\"wp-block-image\"><img decoding=\"async\" src=\"https:\/\/pbs.twimg.com\/media\/D4ZwCxTUwAAEoLs?format=jpg&amp;name=small\" alt=\"Embedded video\"\/><\/figure>\n\n\n\n<p><strong>UPDATE ora 22.30<\/strong>:&nbsp;<strong>Num\u0103rul turi\u015ftilor care se aflau \u00een autobuz era de 57, iar 28 \u015fi-ar fi pierdut via\u0163a, potrivit oficialilor cita\u0163i de&nbsp;<a href=\"https:\/\/www.mirror.co.uk\/news\/world-news\/breaking-madeira-bus-crash-several-14387601\" target=\"_blank\" rel=\"noreferrer noopener\">The Mirror<\/a><\/strong><\/p>\n\n\n\n<p>Accidentul a avut loc miercuri dup\u0103-amiaz\u0103 \u00een zona Cani\u00e7o de Baixo din Arhipelagul Madeira. Un autocar care transporta zeci de turi\u015fti s-a r\u0103sturnat \u015fi a c\u0103zut \u00eentr-o pr\u0103pastie.<\/p>\n\n\n\n<p>&#8220;Mai multe persoane au murit \u00een accident&#8221;, a transmis Poli\u0163ia, f\u0103r\u0103 a oferi detalii.<\/p>\n\n\n\n<figure class=\"wp-block-image\"><img decoding=\"async\" src=\"https:\/\/i0.wp.com\/cf-images.eu-west-1.prod.boltdns.net\/v1\/jit\/4221396001\/654db845-31d8-430f-9aac-d1ef35a91ad5\/main\/1280x720\/1m39s72ms\/match\/image.jpg?w=800&#038;ssl=1\" alt=\"Imagini pentru Tragedie \u00c3\u00aen Portugalia: Cel pu\u00c5\u00a3in 29 de persoane au murit dup\u00c4\u0083 ce un autocar a c\u00c4\u0083zut \u00c3\u00aentr-o pr\u00c4\u0083pastie, pe Insula Madeira\" data-recalc-dims=\"1\"\/><\/figure>\n\n\n\n<p>Anterior, surse citate de site-ul Noticiasaominuto.com, anun\u0163au c\u0103 cel pu\u0163in nou\u0103 persoane au murit, iar alte zeci au fost r\u0103nite \u00een accident, unele fiind \u00een stare grav\u0103. La bordul autocarului erau circa 50 de persoane.<\/p>\n\n\n\n<p><\/p>\n","protected":false},"excerpt":{"rendered":"<p>Cel pu\u0163in 29 persoane au murit, iar alte 27 au fost r\u0103nite dup\u0103 ce un autocar care transporta zeci de<\/p>\n","protected":false},"author":1,"featured_media":48899,"comment_status":"closed","ping_status":"closed","sticky":false,"template":"","format":"standard","meta":{"spay_email":"","footnotes":"","jetpack_publicize_message":""},"categories":[12],"tags":[],"class_list":["post-48898","post","type-post","status-publish","format-standard","has-post-thumbnail","hentry","category-stiri-internationale"],"jetpack_featured_media_url":"https:\/\/i0.wp.com\/realitatearutiera.ro\/wp-content\/uploads\/2019\/04\/autocar.jpg?fit=968%2C645&ssl=1","jetpack_publicize_connections":[],"jetpack_sharing_enabled":true,"jetpack_shortlink":"https:\/\/wp.me\/p61naM-cIG","jetpack-related-posts":[],"_links":{"self":[{"href":"https:\/\/realitatearutiera.ro\/index.php?rest_route=\/wp\/v2\/posts\/48898","targetHints":{"allow":["GET"]}}],"collection":[{"href":"https:\/\/realitatearutiera.ro\/index.php?rest_route=\/wp\/v2\/posts"}],"about":[{"href":"https:\/\/realitatearutiera.ro\/index.php?rest_route=\/wp\/v2\/types\/post"}],"author":[{"embeddable":true,"href":"https:\/\/realitatearutiera.ro\/index.php?rest_route=\/wp\/v2\/users\/1"}],"replies":[{"embeddable":true,"href":"https:\/\/realitatearutiera.ro\/index.php?rest_route=%2Fwp%2Fv2%2Fcomments&post=48898"}],"version-history":[{"count":3,"href":"https:\/\/realitatearutiera.ro\/index.php?rest_route=\/wp\/v2\/posts\/48898\/revisions"}],"predecessor-version":[{"id":48909,"href":"https:\/\/realitatearutiera.ro\/index.php?rest_route=\/wp\/v2\/posts\/48898\/revisions\/48909"}],"wp:featuredmedia":[{"embeddable":true,"href":"https:\/\/realitatearutiera.ro\/index.php?rest_route=\/wp\/v2\/media\/48899"}],"wp:attachment":[{"href":"https:\/\/realitatearutiera.ro\/index.php?rest_route=%2Fwp%2Fv2%2Fmedia&parent=48898"}],"wp:term":[{"taxonomy":"category","embeddable":true,"href":"https:\/\/realitatearutiera.ro\/index.php?rest_route=%2Fwp%2Fv2%2Fcategories&post=48898"},{"taxonomy":"post_tag","embeddable":true,"href":"https:\/\/realitatearutiera.ro\/index.php?rest_route=%2Fwp%2Fv2%2Ftags&post=48898"}],"curies":[{"name":"wp","href":"https:\/\/api.w.org\/{rel}","templated":true}]}}