{"id":48906,"date":"2019-04-18T08:16:38","date_gmt":"2019-04-18T05:16:38","guid":{"rendered":"http:\/\/realitatearutiera.ro\/?p=48906"},"modified":"2019-04-18T08:16:44","modified_gmt":"2019-04-18T05:16:44","slug":"vremea-rece-si-inchisa-regiunile-in-care-temperaturile-vor-fi-mai-ridicate","status":"publish","type":"post","link":"https:\/\/realitatearutiera.ro\/?p=48906","title":{"rendered":"Vremea rece \u015fi \u00eenchis\u0103. Regiunile \u00een care temperaturile vor fi mai ridicate"},"content":{"rendered":"\n<p>PROGNOZA METEO. Vremea se anun\u0163\u0103 instabil\u0103 azi \u00een sudul, estul \u015fi centrul \u0163\u0103rii, unde va ploua. \u00cen restul \u0163\u0103rii cerul va fi variabil, iar ploile vor ap\u0103rea izolat dup\u0103 amiaz\u0103. V\u00e2ntul va sufla cu intensific\u0103ri \u00een Muntenia \u015fi Dobrogea. Maximele termice vor fi mai sc\u0103zute dec\u00e2t cele normale pentru aceast\u0103 perioad\u0103 \u015fi se vor \u00eencadra \u00eentre 9 \u015fi 19 grade, cu cele mai ridicate valori \u00een nord-vest, informeaz\u0103 ANM.<\/p>\n\n\n\n<p>La noapte, cerul se p\u0103streaz\u0103 mai mult noros iar v\u00e2ntul va sufla cu intensific\u0103ri. Minimele termice se vor \u00eencadra \u00eentre -1 \u015fi 8 grade Celsius, cu cele mai sc\u0103zute valori \u00een depresiuni. Spre diminea\u0163\u0103 sunt \u015fi condi\u0163ii de cea\u0163\u0103.&nbsp;<\/p>\n\n\n\n<p><strong>BUCURE\u015eTI<\/strong><\/p>\n\n\n\n<p>\u00cen Capital\u0103 se anun\u0163\u0103 o zi rece, cu maxim 12 grade \u00een termometre. Cerul va fi mai mult noros \u015fi va mai ploua. V\u00e2ntul va sufla cu intensific\u0103ri mai ales \u00een prima parte a zilei. Vineri vremea se va p\u0103stra rece, cu o maxim\u0103 de 14 grade \u015fi ploi pe parcursul zilei. Week-end-ul va debuta cu vreme rece dar cu \u015fanse mici de ploaie. Cerul va fi variabil, mai mult noros, iar v\u00e2ntul va mai avea intensific\u0103ri. Maxima zilei va fi de 12 grade Celsius. <\/p>\n\n\n\n<p><strong>MUNTE<\/strong><\/p>\n\n\n\n<p>La munte, la altitudine sunt condi\u0163ii de precipita\u0163ii mixte dar \u015fi de ninsori slabe. Pe creste v\u00e2ntul va sufla cu intensific\u0103ri. Maximele termice se vor \u00eencadra \u00eentre 3 \u015fi 12 grade, iar minima va fi de -5 grade Celsius.&nbsp;<\/p>\n\n\n\n<p><strong>\u00ceN \u0162AR\u0102<\/strong><\/p>\n\n\n\n<p>\u00cen urm\u0103toarele zile vremea se mai \u00eenc\u0103lze\u015fte doar \u00een vest \u015fi sud-vest, unde temperaturile vor fi de 20 de grade, apropiate de normalul perioadei. \u00cen rest, cerul va fi mai mult noros iar \u00een Moldova va ploua \u00een averse.&nbsp;<\/p>\n\n\n\n<p>La munte, la peste 1500 de m vor predomina ninsorile. S\u00e2mb\u0103t\u0103 vremea va fi frumoas\u0103 \u00een vestul \u015fi nord-vestul \u0163\u0103rii, unde maximele termice vor ajunge la 19 grade. \u00cen restul \u0163\u0103rii va mai ploua slab, iar maxima va fi de 14 grade Celsius. Minimele termice se vor situa \u00eentre -5 \u015fi 8 grade, iar izolat se va produce \u015fi brum\u0103.<\/p>\n\n\n\n<p>Sursa:mdiafax<\/p>\n","protected":false},"excerpt":{"rendered":"<p>PROGNOZA METEO. Vremea se anun\u0163\u0103 instabil\u0103 azi \u00een sudul, estul \u015fi centrul \u0163\u0103rii, unde va ploua. \u00cen restul \u0163\u0103rii cerul<\/p>\n","protected":false},"author":1,"featured_media":48907,"comment_status":"closed","ping_status":"closed","sticky":false,"template":"","format":"standard","meta":{"spay_email":"","footnotes":"","jetpack_publicize_message":""},"categories":[6],"tags":[],"class_list":["post-48906","post","type-post","status-publish","format-standard","has-post-thumbnail","hentry","category-social"],"jetpack_featured_media_url":"https:\/\/i1.wp.com\/realitatearutiera.ro\/wp-content\/uploads\/2019\/04\/meteo-mediafax-180419.mp4.jpg?fit=728%2C409&ssl=1","jetpack_publicize_connections":[],"jetpack_sharing_enabled":true,"jetpack_shortlink":"https:\/\/wp.me\/p61naM-cIO","jetpack-related-posts":[],"_links":{"self":[{"href":"https:\/\/realitatearutiera.ro\/index.php?rest_route=\/wp\/v2\/posts\/48906","targetHints":{"allow":["GET"]}}],"collection":[{"href":"https:\/\/realitatearutiera.ro\/index.php?rest_route=\/wp\/v2\/posts"}],"about":[{"href":"https:\/\/realitatearutiera.ro\/index.php?rest_route=\/wp\/v2\/types\/post"}],"author":[{"embeddable":true,"href":"https:\/\/realitatearutiera.ro\/index.php?rest_route=\/wp\/v2\/users\/1"}],"replies":[{"embeddable":true,"href":"https:\/\/realitatearutiera.ro\/index.php?rest_route=%2Fwp%2Fv2%2Fcomments&post=48906"}],"version-history":[{"count":1,"href":"https:\/\/realitatearutiera.ro\/index.php?rest_route=\/wp\/v2\/posts\/48906\/revisions"}],"predecessor-version":[{"id":48908,"href":"https:\/\/realitatearutiera.ro\/index.php?rest_route=\/wp\/v2\/posts\/48906\/revisions\/48908"}],"wp:featuredmedia":[{"embeddable":true,"href":"https:\/\/realitatearutiera.ro\/index.php?rest_route=\/wp\/v2\/media\/48907"}],"wp:attachment":[{"href":"https:\/\/realitatearutiera.ro\/index.php?rest_route=%2Fwp%2Fv2%2Fmedia&parent=48906"}],"wp:term":[{"taxonomy":"category","embeddable":true,"href":"https:\/\/realitatearutiera.ro\/index.php?rest_route=%2Fwp%2Fv2%2Fcategories&post=48906"},{"taxonomy":"post_tag","embeddable":true,"href":"https:\/\/realitatearutiera.ro\/index.php?rest_route=%2Fwp%2Fv2%2Ftags&post=48906"}],"curies":[{"name":"wp","href":"https:\/\/api.w.org\/{rel}","templated":true}]}}