{"id":48990,"date":"2019-04-19T07:57:46","date_gmt":"2019-04-19T04:57:46","guid":{"rendered":"http:\/\/realitatearutiera.ro\/?p=48990"},"modified":"2019-04-19T07:57:52","modified_gmt":"2019-04-19T04:57:52","slug":"informatii-utile-din-trafic-19","status":"publish","type":"post","link":"https:\/\/realitatearutiera.ro\/?p=48990","title":{"rendered":"Informa\u021bii utile din trafic"},"content":{"rendered":"\n<h3 class=\"wp-block-heading\">SITUA\u0162IA TRAFICULUI LA ORA 07:00<\/h3>\n\n\n\n<p><strong>Data:&nbsp;<\/strong>19 Aprilie 2019<\/p>\n\n\n\n<p><strong>Ora:&nbsp;<\/strong>07:00<\/p>\n\n\n\n<p><strong>Centrul INFOTRAFIC din Inspectoratul General al Poli\u0163iei Rom\u00e2ne&nbsp;<\/strong>informeaz\u0103 c\u0103 la aceast\u0103 or\u0103 nu sunt semnalate evenimente rutiere care s\u0103 impun\u0103 oprirea circula\u0163iei pe drumurile na\u0163ionale sau pe autostr\u0103zi.<\/p>\n\n\n\n<p>\u00cens\u0103, \u00eentruc\u00e2t cea\u0163a reduce vizibilitatea \u00een trafic, pe DN 6 Craiova \u2013 Filia\u015fi, pe DN 22 Br\u0103ila \u2013 Tudor Vladimirescu \u015fi pe DN 23 Br\u0103ila \u2013 M\u0103xineni, recomand\u0103m conduc\u0103torilor auto s\u0103 foloseasc\u0103 sistemele de climatizare \u015fi iluminare ale autoturismului, s\u0103 circule cu vitez\u0103 redus\u0103, s\u0103 sporeasc\u0103 aten\u0163ia la volan, s\u0103 evite pe c\u00e2t posibil manevra dep\u0103\u015firii \u015fi s\u0103 m\u0103reasc\u0103 distan\u0163a fa\u0163\u0103 de autovehiculul din fa\u0163\u0103, pentru a putea fr\u00e2na \u00een condi\u0163ii de siguran\u0163\u0103.&nbsp;<\/p>\n\n\n\n<p>\u00cen aceast\u0103 perioad\u0103 sunt \u00eens\u0103 impuse mai multe restric\u0163ii de circula\u0163ie, pentru executarea de lucr\u0103ri la sistemului rutier, astfel:<\/p>\n\n\n\n<p>Pe DN 39, \u00eentre localit\u0103\u0163ile Tuzla \u015fi 23 August, jude\u0163ul Constan\u0163a, pe sectorul cuprins \u00eentre kilimetrii 23+500 m &#8211; 32+000 m, se execut\u0103 lucr\u0103ri de refacere a suprafe\u0163ei de rulare, p\u00e2n\u0103 la sf\u00e2r\u015fitul acestei luni. Din acest motiv, sensul c\u0103tre 23 August este restric\u0163ionat, circul\u00e2ndu-se pe cealalt\u0103 cale, pe c\u00e2te o band\u0103 pentru fiecare sens.<\/p>\n\n\n\n<p>Pe Autostrada A1 Bucure\u015fti &#8211; Pite\u015fti, la kilometrul 36, pe podul de peste r\u00e2ul Arge\u015f, \u00een zona localit\u0103\u0163ii C\u0103scioarele, jude\u0163ul Giurgiu, din cauza lucr\u0103rilor de repara\u0163ii la sistemul rutier, care se vor derula p\u00e2n\u0103 la sf\u00e2r\u015fitul lunii august, traficul este deviat de pe calea 2 (sensul de mers c\u0103tre Bucure\u015fti) pe calea 1 (sensul c\u0103tre Pite\u015fti), unde se desf\u0103\u015foar\u0103 dirijat \u00een ambele sensuri.<\/p>\n\n\n\n<p>Pe Autostrada A2 Bucure\u015fti &#8211; Constan\u0163a, circula\u0163ia rutier\u0103 este deviat\u0103 de pe calea 1 (Bucure\u015fti &#8211; Constan\u0163a) pe calea 2 (Constan\u0163a &#8211; Bucure\u015fti), pe tronsonul kilometric 74+350 &#8211; 84+100 de metri, \u00eentre localit\u0103\u0163ile Dor M\u0103runt \u015fi Drago\u015f Vod\u0103, jude\u0163ul C\u0103l\u0103ra\u015fi, aceasta desf\u0103\u015fur\u00e2ndu-se dirijat, \u00een ambele sensuri. Devierea va fi valabil\u0103 p\u00e2n\u0103 la jum\u0103tatea lunii iunie, fiind impus\u0103 pentru efectuarea de repara\u0163ii la sistemul rutier.<\/p>\n\n\n\n<p>\u00cen jude\u0163ul Arge\u015f, pe DN 7 Pite\u015fi \u2013 R\u00e2mnicu V\u00e2lcea, pe raza comunei Mor\u0103re\u015fti, \u00eentre kilometrii 152+470 \u015fi 152+550 m, se execut\u0103 lucr\u0103ri de consolidare a p\u0103r\u0163ii carosabile, traficul desf\u0103\u015fur\u00eendu-se alternativ, dirijat pe timpul zilei de pilo\u0163i de trafic, iar pe timpul nop\u0163ii prin semafor.<\/p>\n\n\n\n<p>Rute alternative pentru\u00a0 autovehiculele cu masa total\u0103 maxim\u0103 autorizat\u0103 mai mic\u0103 de 7,5 tone: Bascov &#8211; DN7C-Curtea de Arge\u015f- DN73C \u2013Tigveni- DJ768A- DN7 V\u0103rzaru \u015fi Bascov &#8211; DN7C-Curtea de Arge\u015f- DN73C \u2013Tigveni-DN7 Blidari(jude\u0163ul V\u00e2lcea).<\/p>\n\n\n\n<p>Sursa:politiaromana<\/p>\n","protected":false},"excerpt":{"rendered":"<p>SITUA\u0162IA TRAFICULUI LA ORA 07:00 Data:&nbsp;19 Aprilie 2019 Ora:&nbsp;07:00 Centrul INFOTRAFIC din Inspectoratul General al Poli\u0163iei Rom\u00e2ne&nbsp;informeaz\u0103 c\u0103 la aceast\u0103<\/p>\n","protected":false},"author":1,"featured_media":27311,"comment_status":"closed","ping_status":"closed","sticky":false,"template":"","format":"standard","meta":{"spay_email":"","footnotes":"","jetpack_publicize_message":""},"categories":[54],"tags":[],"class_list":["post-48990","post","type-post","status-publish","format-standard","has-post-thumbnail","hentry","category-informatii-rutiere"],"jetpack_featured_media_url":"https:\/\/i2.wp.com\/realitatearutiera.ro\/wp-content\/uploads\/2017\/09\/infotrafic.jpg?fit=630%2C365&ssl=1","jetpack_publicize_connections":[],"jetpack_sharing_enabled":true,"jetpack_shortlink":"https:\/\/wp.me\/p61naM-cKa","jetpack-related-posts":[],"_links":{"self":[{"href":"https:\/\/realitatearutiera.ro\/index.php?rest_route=\/wp\/v2\/posts\/48990","targetHints":{"allow":["GET"]}}],"collection":[{"href":"https:\/\/realitatearutiera.ro\/index.php?rest_route=\/wp\/v2\/posts"}],"about":[{"href":"https:\/\/realitatearutiera.ro\/index.php?rest_route=\/wp\/v2\/types\/post"}],"author":[{"embeddable":true,"href":"https:\/\/realitatearutiera.ro\/index.php?rest_route=\/wp\/v2\/users\/1"}],"replies":[{"embeddable":true,"href":"https:\/\/realitatearutiera.ro\/index.php?rest_route=%2Fwp%2Fv2%2Fcomments&post=48990"}],"version-history":[{"count":1,"href":"https:\/\/realitatearutiera.ro\/index.php?rest_route=\/wp\/v2\/posts\/48990\/revisions"}],"predecessor-version":[{"id":48991,"href":"https:\/\/realitatearutiera.ro\/index.php?rest_route=\/wp\/v2\/posts\/48990\/revisions\/48991"}],"wp:featuredmedia":[{"embeddable":true,"href":"https:\/\/realitatearutiera.ro\/index.php?rest_route=\/wp\/v2\/media\/27311"}],"wp:attachment":[{"href":"https:\/\/realitatearutiera.ro\/index.php?rest_route=%2Fwp%2Fv2%2Fmedia&parent=48990"}],"wp:term":[{"taxonomy":"category","embeddable":true,"href":"https:\/\/realitatearutiera.ro\/index.php?rest_route=%2Fwp%2Fv2%2Fcategories&post=48990"},{"taxonomy":"post_tag","embeddable":true,"href":"https:\/\/realitatearutiera.ro\/index.php?rest_route=%2Fwp%2Fv2%2Ftags&post=48990"}],"curies":[{"name":"wp","href":"https:\/\/api.w.org\/{rel}","templated":true}]}}