{"id":49258,"date":"2019-04-25T09:19:30","date_gmt":"2019-04-25T06:19:30","guid":{"rendered":"http:\/\/realitatearutiera.ro\/?p=49258"},"modified":"2019-04-25T09:19:35","modified_gmt":"2019-04-25T06:19:35","slug":"teroarea-continua-o-noua-explozie-a-zguduit-sri-lanka-dupa-un-sir-lung-de-evenimente-soldate-cu-peste-350-de-morti-si-mult-mai-multi-raniti","status":"publish","type":"post","link":"https:\/\/realitatearutiera.ro\/?p=49258","title":{"rendered":"Teroarea continu\u0103. O nou\u0103 explozie a zguduit Sri Lanka, dup\u0103 un \u0219ir lung de evenimente soldate cu peste 350 de mor\u021bi \u0219i mult mai mul\u021bi r\u0103ni\u021bi."},"content":{"rendered":"\n<p> Autorit\u0103\u021bile din Sri Lanka sunt \u00een alert\u0103 dup\u0103 \u0219irul de atacuri desf\u0103\u0219urate \u00een weekend, cu nou\u0103 atentatori sinuciga\u0219i considera\u021bi a fi responsabili, scrie TheSun. <\/p>\n\n\n\n<p> O explozie a fost auzit\u0103 joi \u00een localitatea Pugoda, aflat\u0103 la 40 de kilometri de Colombo, capitala statului Sri Lanka, au informat autorit\u0103\u021bile \u0219i reziden\u021bii ora\u0219ului, relateaz\u0103 site-ul agen\u021biei Reuters, conform Mediafax. <\/p>\n\n\n\n<p>Poli\u021bia a informat c\u0103 investigheaz\u0103 explozia, declan\u0219at\u0103 \u00eentr-un moment deja tensionat \u00een Sri Lanka, pe fondul atacurilor teroriste de duminic\u0103.<\/p>\n\n\n\n<p>Cel pu\u021bin 359 persoane au murit \u00een urma atacurilor teroriste care au vizat cinci hoteluri \u0219i trei biserici din ora\u015fele Colombo, Negombo \u015fi Batticaloa.<\/p>\n\n\n\n<p>Re\u021beaua extrremist\u0103 Stat Islamic a revendicat atacurile teroriste, ce au vizat mai multe biserici \u0219i hoteluri. Atentatul a fost revendicat printr-un anun\u021b postat pe site-ul agen\u021biei AMAQ, afiliat\u0103 re\u021belei Stat Islamic, f\u0103r\u0103 a prezenta \u00eens\u0103 dovezi. Timp de trei zile, atentatele nu au fost revendicate de niciun grup, iar un purt\u0103tor de cuv\u00e2nt al Guvernului de la Colombo \u015fi ministrul S\u0103n\u0103t\u0103\u0163ii, Rajitha Senaratne, a indicat c\u0103 existau suspiciuni privind comiterea atentatelor de c\u0103tre mi\u015fcarea National Thowheeth Jama&#8217;ath (NTJ), o organiza\u0163ie islamist\u0103 pu\u021bin cunoscut\u0103.<\/p>\n\n\n\n<p>Nou\u0103 explozii au f\u0103cut ravagii \u00een Sri Lanka. Guvernul a declarat stare de asediu, dup\u0103 ce trei biserici catolice din Colombo, Negombo \u015fi Batticaloa \u015fi trei hoteluri de lux din zona capitalei Colombo au fost \u0163inta unor atacuri cu bomb\u0103, parte din ele de tip kamikaze. Opt copii rom\u00e2ni au fost du\u0219i la ad\u0103post \u0219i se afl\u0103 \u00een siguran\u021b\u0103.<\/p>\n\n\n\n<p>Masacrul a fost declan\u0219at chiar \u00een timpul slujbei Pa\u0219telui catolic \u0219i a f\u0103cut ca num\u0103rul mor\u021bilor s\u0103 se ridice la 207, dintre care 35 sunt cet\u0103\u021beni str\u0103ini. Num\u0103rul provizoriu al r\u0103ni\u021bilor este de 469.<\/p>\n","protected":false},"excerpt":{"rendered":"<p>Autorit\u0103\u021bile din Sri Lanka sunt \u00een alert\u0103 dup\u0103 \u0219irul de atacuri desf\u0103\u0219urate \u00een weekend, cu nou\u0103 atentatori sinuciga\u0219i considera\u021bi a<\/p>\n","protected":false},"author":1,"featured_media":29832,"comment_status":"closed","ping_status":"closed","sticky":false,"template":"","format":"standard","meta":{"spay_email":"","footnotes":"","jetpack_publicize_message":""},"categories":[12],"tags":[],"class_list":["post-49258","post","type-post","status-publish","format-standard","has-post-thumbnail","hentry","category-stiri-internationale"],"jetpack_featured_media_url":"https:\/\/i2.wp.com\/realitatearutiera.ro\/wp-content\/uploads\/2017\/11\/explozie-la-tel-aviv-cel-putin-trei-morti-si-o-persoana-ranita-grav-44569.jpg?fit=400%2C300&ssl=1","jetpack_publicize_connections":[],"jetpack_sharing_enabled":true,"jetpack_shortlink":"https:\/\/wp.me\/p61naM-cOu","jetpack-related-posts":[],"_links":{"self":[{"href":"https:\/\/realitatearutiera.ro\/index.php?rest_route=\/wp\/v2\/posts\/49258","targetHints":{"allow":["GET"]}}],"collection":[{"href":"https:\/\/realitatearutiera.ro\/index.php?rest_route=\/wp\/v2\/posts"}],"about":[{"href":"https:\/\/realitatearutiera.ro\/index.php?rest_route=\/wp\/v2\/types\/post"}],"author":[{"embeddable":true,"href":"https:\/\/realitatearutiera.ro\/index.php?rest_route=\/wp\/v2\/users\/1"}],"replies":[{"embeddable":true,"href":"https:\/\/realitatearutiera.ro\/index.php?rest_route=%2Fwp%2Fv2%2Fcomments&post=49258"}],"version-history":[{"count":1,"href":"https:\/\/realitatearutiera.ro\/index.php?rest_route=\/wp\/v2\/posts\/49258\/revisions"}],"predecessor-version":[{"id":49259,"href":"https:\/\/realitatearutiera.ro\/index.php?rest_route=\/wp\/v2\/posts\/49258\/revisions\/49259"}],"wp:featuredmedia":[{"embeddable":true,"href":"https:\/\/realitatearutiera.ro\/index.php?rest_route=\/wp\/v2\/media\/29832"}],"wp:attachment":[{"href":"https:\/\/realitatearutiera.ro\/index.php?rest_route=%2Fwp%2Fv2%2Fmedia&parent=49258"}],"wp:term":[{"taxonomy":"category","embeddable":true,"href":"https:\/\/realitatearutiera.ro\/index.php?rest_route=%2Fwp%2Fv2%2Fcategories&post=49258"},{"taxonomy":"post_tag","embeddable":true,"href":"https:\/\/realitatearutiera.ro\/index.php?rest_route=%2Fwp%2Fv2%2Ftags&post=49258"}],"curies":[{"name":"wp","href":"https:\/\/api.w.org\/{rel}","templated":true}]}}