{"id":49842,"date":"2019-05-15T08:11:20","date_gmt":"2019-05-15T05:11:20","guid":{"rendered":"http:\/\/realitatearutiera.ro\/?p=49842"},"modified":"2019-05-15T08:11:26","modified_gmt":"2019-05-15T05:11:26","slug":"prognoza-meteo-pentru-miercuri-15-mai","status":"publish","type":"post","link":"https:\/\/realitatearutiera.ro\/?p=49842","title":{"rendered":"Prognoza meteo pentru miercuri, 15 mai"},"content":{"rendered":"\n<p><strong>\u015eapte jude\u0163e din zona de sud-vest a \u0163\u0103rii sunt, miercuri, sub aten\u0163ionare cod galben, p\u00e2n\u0103 la ora 10.00, iar pentru toate zonele \u0163\u0103rii este \u00een vigoare o informare de vreme instabil\u0103. Vor fi ploi, \u00eenso\u0163ite de desc\u0103rc\u0103ri electrice \u015fi intensific\u0103ri ale v\u00e2ntului.<\/strong><\/p>\n\n\n\n<p>Ploile vor continua pe suprafe\u0163e extinse din nord-vestul, centrul \u015fi sudul \u0163\u0103rii. Vor fi averse, frecvente desc\u0103rc\u0103ri electrice, vijelii \u015fi c\u0103deri de grindin\u0103. Ploile abundente vor duce la un risc ridicat de inunda\u0163ii. \u00cen restul \u0163\u0103rii, fenomenele vor ap\u0103rea doar local. Maximele vor trece de 20 de grade \u00een sud \u015fi \u00een est.<\/p>\n\n\n\n<h2 class=\"wp-block-heading\" id=\"highlight-1130525-1\">Prognoza meteo pentru urm\u0103toarele zile<\/h2>\n\n\n\n<p>Conform inform\u0103rii meteo \u00een vigoare, vremea instabil\u0103 va dura p\u00e2n\u0103 aproape de finalul s\u0103pt\u0103m\u00e2nii. Aversele cu tunete, fulgere \u015fi v\u00e2nt vor fi intense \u00een toat\u0103 \u0163ara, cu excep\u0163ia regiunilor vestice \u015fi a Dobrogei p\u00e2n\u0103 s\u00e2mb\u0103t\u0103.<\/p>\n\n\n\n<p>Dup\u0103 aceea, se vor muta \u00een nordul, estul \u015fi centrul \u0163\u0103rii. \u00cen rest, vor ap\u0103rea doar local. Izolat se vor mai aduna cantit\u0103\u0163i importante de ap\u0103 \u015fi va c\u0103dea grindin\u0103. Temperaturile cele mai ridicate vor fi \u00een sudul \u0163\u0103rii.<\/p>\n\n\n\n<h2 class=\"wp-block-heading\" id=\"highlight-1130525-2\">Prognoza meteo pentru 15 mai, \u00een Bucure\u0219ti<\/h2>\n\n\n\n<p>\u00cen Bucure\u015fti va ploua \u00een special dup\u0103-amiaz\u0103 \u015fi la noapte. Aversele vor fi \u00eenso\u0163ite \u015fi de fenomene electrice \u015fi v\u00e2nt.<\/p>\n\n\n\n<p>Temperaturile vor cre\u015fte p\u00e2n\u0103 la 23&#8230;24 de grade, iar presiunea aerului se va men\u0163ine sub valorile confortabile.<\/p>\n\n\n\n<p>Sursa:digi24<br><\/p>\n","protected":false},"excerpt":{"rendered":"<p>\u015eapte jude\u0163e din zona de sud-vest a \u0163\u0103rii sunt, miercuri, sub aten\u0163ionare cod galben, p\u00e2n\u0103 la ora 10.00, iar pentru<\/p>\n","protected":false},"author":1,"featured_media":49843,"comment_status":"closed","ping_status":"closed","sticky":false,"template":"","format":"standard","meta":{"spay_email":"","footnotes":"","jetpack_publicize_message":""},"categories":[6],"tags":[],"class_list":["post-49842","post","type-post","status-publish","format-standard","has-post-thumbnail","hentry","category-social"],"jetpack_featured_media_url":"https:\/\/i0.wp.com\/realitatearutiera.ro\/wp-content\/uploads\/2019\/05\/img-1.jpg?fit=800%2C533&ssl=1","jetpack_publicize_connections":[],"jetpack_sharing_enabled":true,"jetpack_shortlink":"https:\/\/wp.me\/p61naM-cXU","jetpack-related-posts":[],"_links":{"self":[{"href":"https:\/\/realitatearutiera.ro\/index.php?rest_route=\/wp\/v2\/posts\/49842","targetHints":{"allow":["GET"]}}],"collection":[{"href":"https:\/\/realitatearutiera.ro\/index.php?rest_route=\/wp\/v2\/posts"}],"about":[{"href":"https:\/\/realitatearutiera.ro\/index.php?rest_route=\/wp\/v2\/types\/post"}],"author":[{"embeddable":true,"href":"https:\/\/realitatearutiera.ro\/index.php?rest_route=\/wp\/v2\/users\/1"}],"replies":[{"embeddable":true,"href":"https:\/\/realitatearutiera.ro\/index.php?rest_route=%2Fwp%2Fv2%2Fcomments&post=49842"}],"version-history":[{"count":1,"href":"https:\/\/realitatearutiera.ro\/index.php?rest_route=\/wp\/v2\/posts\/49842\/revisions"}],"predecessor-version":[{"id":49844,"href":"https:\/\/realitatearutiera.ro\/index.php?rest_route=\/wp\/v2\/posts\/49842\/revisions\/49844"}],"wp:featuredmedia":[{"embeddable":true,"href":"https:\/\/realitatearutiera.ro\/index.php?rest_route=\/wp\/v2\/media\/49843"}],"wp:attachment":[{"href":"https:\/\/realitatearutiera.ro\/index.php?rest_route=%2Fwp%2Fv2%2Fmedia&parent=49842"}],"wp:term":[{"taxonomy":"category","embeddable":true,"href":"https:\/\/realitatearutiera.ro\/index.php?rest_route=%2Fwp%2Fv2%2Fcategories&post=49842"},{"taxonomy":"post_tag","embeddable":true,"href":"https:\/\/realitatearutiera.ro\/index.php?rest_route=%2Fwp%2Fv2%2Ftags&post=49842"}],"curies":[{"name":"wp","href":"https:\/\/api.w.org\/{rel}","templated":true}]}}