{"id":50160,"date":"2019-05-22T12:13:19","date_gmt":"2019-05-22T09:13:19","guid":{"rendered":"http:\/\/realitatearutiera.ro\/?p=50160"},"modified":"2019-05-22T12:13:24","modified_gmt":"2019-05-22T09:13:24","slug":"un-sofer-beat-s-a-autoaccidentat-dupa-ce-a-spulberat-o-baliza-de-semnalizare-a-lucrarilor-rutiere","status":"publish","type":"post","link":"https:\/\/realitatearutiera.ro\/?p=50160","title":{"rendered":"Un \u015fofer beat s-a autoaccidentat dup\u0103 ce a spulberat o baliz\u0103 de semnalizare a lucr\u0103rilor rutiere"},"content":{"rendered":"\n<p> Un t\u00e2n\u0103r de 28 de ani este cercetat pentru v\u0103t\u0103mare corporal\u0103 din culp\u0103 \u015fi conducerea unui vehicul sub influen\u0163a alcoolului dup\u0103 ce, pe fondul consumului de alcool, a acro\u015fat o baliz\u0103 de semnalizare a lucr\u0103rilor rutiere amplasat\u0103 pe D.J. 251. <\/p>\n\n\n\n<p> Pe 21 mai, \u00een jurul orei 05,20, pe D.J. 251, \u00een comuna Valea M\u0103rului, a avut loc un accident rutier soldat cu r\u0103nirea conduc\u0103torului auto care l-a provocat. <\/p>\n\n\n\n<p>\u201dUn b\u0103rbat, de 28 de ani, din comuna Cudalbi, \u00een timp ce conducea autoturismul pe drumul mai sus men\u0163ionat, pe fondul neaten\u0163iei, a intrat \u00een coliziune cu o baliz\u0103 amplasat\u0103 pe partea carosabil\u0103 \u00een scopul de a semnaliza lucr\u0103ri, \u00een urma impactului suferind c\u00e2teva leziuni care nu au necesitat internarea \u00een spital\u201d, a declarat comisarul \u015fef Gabriela Costin, purt\u0103torul de cuv\u00e2nt al Inspectoratului de Poli\u0163ie Jude\u0163ean Gala\u0163i. <\/p>\n\n\n\n<p>Testarea alcoolscopic\u0103 a \u015foferului a relevat \u00eens\u0103 c\u0103 acesta consumase b\u0103uturi alcoolice, valoarea \u00eenregistrat\u0103 de aparatul etilotest fiind de 0,76 mg\/l alcool pur \u00een aerul expirat. <\/p>\n\n\n\n<p>Poli\u0163i\u015ftii au deschis un dosar penal pe numele \u015foferului pentru v\u0103t\u0103mare corporal\u0103 din culp\u0103 \u015fi conducerea unui vehicul sub influen\u0163a alcoolului.<\/p>\n\n\n\n<p>Sursa:adevarul<\/p>\n","protected":false},"excerpt":{"rendered":"<p>Un t\u00e2n\u0103r de 28 de ani este cercetat pentru v\u0103t\u0103mare corporal\u0103 din culp\u0103 \u015fi conducerea unui vehicul sub influen\u0163a alcoolului<\/p>\n","protected":false},"author":1,"featured_media":50161,"comment_status":"closed","ping_status":"closed","sticky":false,"template":"","format":"standard","meta":{"spay_email":"","footnotes":"","jetpack_publicize_message":""},"categories":[1],"tags":[],"class_list":["post-50160","post","type-post","status-publish","format-standard","has-post-thumbnail","hentry","category-uncategorized"],"jetpack_featured_media_url":"https:\/\/i0.wp.com\/realitatearutiera.ro\/wp-content\/uploads\/2019\/05\/download-2-1.jpg?fit=90%2C90&ssl=1","jetpack_publicize_connections":[],"jetpack_sharing_enabled":true,"jetpack_shortlink":"https:\/\/wp.me\/p61naM-d32","jetpack-related-posts":[],"_links":{"self":[{"href":"https:\/\/realitatearutiera.ro\/index.php?rest_route=\/wp\/v2\/posts\/50160","targetHints":{"allow":["GET"]}}],"collection":[{"href":"https:\/\/realitatearutiera.ro\/index.php?rest_route=\/wp\/v2\/posts"}],"about":[{"href":"https:\/\/realitatearutiera.ro\/index.php?rest_route=\/wp\/v2\/types\/post"}],"author":[{"embeddable":true,"href":"https:\/\/realitatearutiera.ro\/index.php?rest_route=\/wp\/v2\/users\/1"}],"replies":[{"embeddable":true,"href":"https:\/\/realitatearutiera.ro\/index.php?rest_route=%2Fwp%2Fv2%2Fcomments&post=50160"}],"version-history":[{"count":1,"href":"https:\/\/realitatearutiera.ro\/index.php?rest_route=\/wp\/v2\/posts\/50160\/revisions"}],"predecessor-version":[{"id":50162,"href":"https:\/\/realitatearutiera.ro\/index.php?rest_route=\/wp\/v2\/posts\/50160\/revisions\/50162"}],"wp:featuredmedia":[{"embeddable":true,"href":"https:\/\/realitatearutiera.ro\/index.php?rest_route=\/wp\/v2\/media\/50161"}],"wp:attachment":[{"href":"https:\/\/realitatearutiera.ro\/index.php?rest_route=%2Fwp%2Fv2%2Fmedia&parent=50160"}],"wp:term":[{"taxonomy":"category","embeddable":true,"href":"https:\/\/realitatearutiera.ro\/index.php?rest_route=%2Fwp%2Fv2%2Fcategories&post=50160"},{"taxonomy":"post_tag","embeddable":true,"href":"https:\/\/realitatearutiera.ro\/index.php?rest_route=%2Fwp%2Fv2%2Ftags&post=50160"}],"curies":[{"name":"wp","href":"https:\/\/api.w.org\/{rel}","templated":true}]}}