{"id":50409,"date":"2019-05-28T12:22:15","date_gmt":"2019-05-28T09:22:15","guid":{"rendered":"http:\/\/realitatearutiera.ro\/?p=50409"},"modified":"2019-05-28T12:22:21","modified_gmt":"2019-05-28T09:22:21","slug":"targovistea-turistica-la-27-mai-1600-mihai-viteazul-devine-voievod-si-domn-a-toata-tara-romaneasca-si-al-ardealului-si-al-tarii-moldovei","status":"publish","type":"post","link":"https:\/\/realitatearutiera.ro\/?p=50409","title":{"rendered":"T\u00e2rgovi\u015ftea turistic\u0103. La 27 mai 1600 Mihai Viteazul devine \u201evoievod \u015fi domn a toat\u0103 \u0162ara Rom\u00e2neasc\u0103 \u015fi al Ardealului \u015fi al \u0162\u0103rii Moldovei\u201d"},"content":{"rendered":"\n<p> La data de 27 mai 1600 Mihai Viteazul devine \u201evoievod \u015fi domn a toat\u0103 \u0162ara Rom\u00e2neasc\u0103 \u015fi al Ardealului \u015fi al \u0162\u0103rii Moldovei\u201d, realiz\u00e2nd astfel prima unire politic\u0103 a celor trei \u0163\u0103ri rom\u00e2ne. \u00a0<\/p>\n\n\n\n<figure class=\"wp-block-image\"><img decoding=\"async\" src=\"https:\/\/i0.wp.com\/adevarul.ro\/assets\/adevarul.ro\/MRImage\/2019\/05\/28\/5cecb39d445219c57e22c80d\/646x404.jpg?w=800&#038;ssl=1\" alt=\"T\u00c3\u00a2rgovi\u00c5\u009ftea turistic\u00c4\u0083. La 27 mai 1600 Mihai Viteazul devine \u00e2\u0080\u009evoievod \u00c5\u009fi domn a toat\u00c4\u0083 \u00c5\u00a2ara Rom\u00c3\u00a2neasc\u00c4\u0083 \u00c5\u009fi al Ardealului \u00c5\u009fi al \u00c5\u00a2\u00c4\u0083rii Moldovei\u00e2\u0080\u009d\" data-recalc-dims=\"1\"\/><\/figure>\n\n\n\n<p> De la 1600, \u201enici un rom\u00e2n n-a mai putut g\u00e2ndi unirea f\u0103r\u0103 uria\u015fa lui personalitate, f\u0103r\u0103 palo\u015ful sau securea lui ridicat\u0103 spre cerul drept\u0103\u0163ii, f\u0103r\u0103 chipul lui de curat\u0103 \u015fi des\u0103v\u00e2r\u015fit\u0103 poezie\u201d, scria metaforic Nicolae Iorga. \u00a0 <\/p>\n\n\n\n<p>\u201e\u00cen timpul domniei lui Mihai Viteazul, T\u00e2rgovi\u015fte, capitala \u0162\u0103rii Rom\u00e2ne\u015fti, a fost locul unde s-a desf\u0103\u015furat o intens\u0103 activitate diplomatic\u0103. Astfel, la m\u0103n\u0103stirea Dealu, s-a semnat, \u00een mai 1598, tratatul de alian\u0163\u0103 cu delega\u0163ia \u00eemp\u0103ratului Rudolf al II-lea, prin care acesta se angaja s\u0103 acorde subven\u0163ii pentru \u00eentre\u0163inerea unei armate de lefegii care s\u0103 lupte \u00eempotriva turcilor. <\/p>\n\n\n\n<p>La Curtea Domneasc\u0103 din T\u00e2rgovi\u015fte, Mihai Viteazul a conceput planul de unire a celor trei \u0163\u0103ri rom\u00e2ne. \u00cen Biserica Domneasc\u0103 din T\u00e2rgovi\u015fte se afl\u0103 unul dintre pu\u0163inele portrete ale bravului domnitor purt\u00e2nd coroan\u0103 pe cap, lucru ce trimite la calitatea acestuia de voievod lupt\u0103tor pentru neat\u00e2rnare\u201d, se arat\u0103 pe pagina de Facebook \u201eT\u00e2rgovi\u015ftea Turistic\u0103\u201d. \u00a0\u00a0<\/p>\n\n\n\n<figure class=\"wp-block-image\"><img decoding=\"async\" src=\"https:\/\/i2.wp.com\/adevarul.ro\/assets\/adevarul.ro\/MRImage\/2019\/05\/28\/5cecb39d445219c57e22c80c\/646x404.jpg?w=800&#038;ssl=1\" alt=\"\" data-recalc-dims=\"1\"\/><figcaption><br><\/figcaption><\/figure>\n\n\n\n<p>Sursa:adevarul<\/p>\n","protected":false},"excerpt":{"rendered":"<p>La data de 27 mai 1600 Mihai Viteazul devine \u201evoievod \u015fi domn a toat\u0103 \u0162ara Rom\u00e2neasc\u0103 \u015fi al Ardealului \u015fi<\/p>\n","protected":false},"author":1,"featured_media":50410,"comment_status":"closed","ping_status":"closed","sticky":false,"template":"","format":"standard","meta":{"spay_email":"","footnotes":"","jetpack_publicize_message":""},"categories":[53],"tags":[],"class_list":["post-50409","post","type-post","status-publish","format-standard","has-post-thumbnail","hentry","category-periplu-prin-romania"],"jetpack_featured_media_url":"https:\/\/i2.wp.com\/realitatearutiera.ro\/wp-content\/uploads\/2019\/05\/61558709_455846631837673_8820092702457593856_n-218x150.jpg?fit=218%2C150&ssl=1","jetpack_publicize_connections":[],"jetpack_sharing_enabled":true,"jetpack_shortlink":"https:\/\/wp.me\/p61naM-d73","jetpack-related-posts":[],"_links":{"self":[{"href":"https:\/\/realitatearutiera.ro\/index.php?rest_route=\/wp\/v2\/posts\/50409","targetHints":{"allow":["GET"]}}],"collection":[{"href":"https:\/\/realitatearutiera.ro\/index.php?rest_route=\/wp\/v2\/posts"}],"about":[{"href":"https:\/\/realitatearutiera.ro\/index.php?rest_route=\/wp\/v2\/types\/post"}],"author":[{"embeddable":true,"href":"https:\/\/realitatearutiera.ro\/index.php?rest_route=\/wp\/v2\/users\/1"}],"replies":[{"embeddable":true,"href":"https:\/\/realitatearutiera.ro\/index.php?rest_route=%2Fwp%2Fv2%2Fcomments&post=50409"}],"version-history":[{"count":1,"href":"https:\/\/realitatearutiera.ro\/index.php?rest_route=\/wp\/v2\/posts\/50409\/revisions"}],"predecessor-version":[{"id":50411,"href":"https:\/\/realitatearutiera.ro\/index.php?rest_route=\/wp\/v2\/posts\/50409\/revisions\/50411"}],"wp:featuredmedia":[{"embeddable":true,"href":"https:\/\/realitatearutiera.ro\/index.php?rest_route=\/wp\/v2\/media\/50410"}],"wp:attachment":[{"href":"https:\/\/realitatearutiera.ro\/index.php?rest_route=%2Fwp%2Fv2%2Fmedia&parent=50409"}],"wp:term":[{"taxonomy":"category","embeddable":true,"href":"https:\/\/realitatearutiera.ro\/index.php?rest_route=%2Fwp%2Fv2%2Fcategories&post=50409"},{"taxonomy":"post_tag","embeddable":true,"href":"https:\/\/realitatearutiera.ro\/index.php?rest_route=%2Fwp%2Fv2%2Ftags&post=50409"}],"curies":[{"name":"wp","href":"https:\/\/api.w.org\/{rel}","templated":true}]}}