{"id":50882,"date":"2019-06-07T11:42:51","date_gmt":"2019-06-07T08:42:51","guid":{"rendered":"http:\/\/realitatearutiera.ro\/?p=50882"},"modified":"2019-06-07T11:42:56","modified_gmt":"2019-06-07T08:42:56","slug":"semnificatii-istorice-pentru-ziua-de-7-iunie-2","status":"publish","type":"post","link":"https:\/\/realitatearutiera.ro\/?p=50882","title":{"rendered":"Semnifica\u0163ii istorice pentru ziua de 7 iunie"},"content":{"rendered":"\n<p>La data de 7 iunie 1886 s-a n\u0103scut savantul rom\u00e2n Henri Coand\u0103 (m. 24 noiembrie 1972), cel care a avut contribu\u0163ii importante la inventarea motorului cu reac\u0163ie \u015fi a descoperit fenomenul aerodinamic numit \u201cefectul Coand\u0103\u201d, cu aplica\u0163ii tehnice multiple.<\/p>\n\n\n\n<figure class=\"wp-block-image\"><a href=\"https:\/\/www.mediafax.ro\/cultura-media\/semnificatii-istorice-pentru-ziua-de-7-iunie-14416300\/foto\"><img decoding=\"async\" src=\"https:\/\/i1.wp.com\/storage0.dms.mpinteractiv.ro\/media\/1\/1\/1706\/14416300\/7\/henri-coanda.jpg?w=800&#038;ssl=1\" alt=\"Imaginea articolului Semnifica\u0163ii istorice pentru ziua de 7 iunie\" data-recalc-dims=\"1\"\/><\/a><\/figure>\n\n\n\n<p>Henri Coand\u0103<\/p>\n\n\n\n<p>1843&nbsp;&nbsp;&nbsp; &#8211; A \u00eencetat din via\u0163\u0103 poetul romantic Johann Christian Friedrich H\u00f6lderlin (romanul \u00een versuri &#8220;Hyp\u00e9rion&#8221;) (n. 20 martie 1770)<\/p>\n\n\n\n<hr class=\"wp-block-separator\"\/>\n\n\n\n<p>1848&nbsp;&nbsp;&nbsp; &#8211; S-a n\u0103scut pictorul postimpresionist Paul Gauguin. (&#8220;Peisaj la Viroflay&#8221;, &#8220;Lupta lui Iacob cu \u00eengerul&#8221;, &#8220;Fat\u0103 din Tahiti&#8221;, &#8220;De unde venim? Ce suntem? \u00cencontro ne \u00eendrept\u0103m?&#8221;) (m. 8 mai 1903)<\/p>\n\n\n\n<figure class=\"wp-block-image\"><img decoding=\"async\" src=\"https:\/\/i0.wp.com\/storage0.dms.mpinteractiv.ro\/media\/1\/1\/1706\/14416300\/12\/gauguin.jpg?w=800&#038;ssl=1\" alt=\"\" data-recalc-dims=\"1\"\/><\/figure>\n\n\n\n<hr class=\"wp-block-separator\"\/>\n\n\n\n<p>1857&nbsp;&nbsp;&nbsp; &#8211; S-a \u00eencheiat, la Paris, un Tratat de alian\u0163\u0103 \u00eentre Austria, Marea Britanie, Prusia, Rusia, Regatul Sardiniei \u015fi Imperiul Otoman care, \u00eenc\u0103lc\u00eend prevederile Tratatului de la Paris din 18\/30 martie 1856, hot\u0103ra ca Delta Dun\u0103rii \u015fi Insula \u015eerpilor s\u0103 fie repuse sub suzeranitatea Por\u0163ii Otomane.<\/p>\n\n\n\n<hr class=\"wp-block-separator\"\/>\n\n\n\n<p>1874&nbsp;&nbsp;&nbsp; &#8211; S-a n\u0103scut Alexandru Iacobescu, poet, prozator, traduc\u0103tor. (m. 1945)<\/p>\n\n\n\n<hr class=\"wp-block-separator\"\/>\n\n\n\n<p>1886&nbsp;&nbsp;&nbsp; &#8211; La Bucure\u015fti, a fost \u00eencheiat primul Tratat de comer\u0163 \u00eentre Rom\u00e2nia \u015fi Elve\u0163ia, prin care cele dou\u0103 \u0163\u0103ri \u00ee\u015fi acordau clauza na\u0163iunii celei mai favorizate.<\/p>\n\n\n\n<hr class=\"wp-block-separator\"\/>\n\n\n\n<p>1921&nbsp;&nbsp;&nbsp; &#8211; A \u00eencetat din via\u0163\u0103 Luca Ion Caragiale, poet, fiul lui I.L.Caragiale, fratele lui Mateiu I. Caragiale. Poeziile sale, r\u0103mase \u00een manuscris, au fost editate \u00een anul 1972 de Barbu Cioculescu \u00een volumul \u201cJocul oglinzilor\u201d. (n. 2 iulie 1893)<\/p>\n\n\n\n<hr class=\"wp-block-separator\"\/>\n\n\n\n<p>1921&nbsp;&nbsp;&nbsp; &#8211; A fost \u00eencheiat\u0103 Conven\u0163ia de alian\u0163\u0103 defensiv\u0103 rom\u00e2no-iugoslav\u0103 care prevedea ca, \u00een caz de atac neprovocat \u00eempotriva uneia dintre p\u0103r\u0163i, \u00een scopul modific\u0103rii ordinii stabilite prin Tratatele de Pace de la Trianon (4 iunie 1920) \u015fi Neully-sur-Seine (27 noiembrie 1919), cealalt\u0103 parte semnatar\u0103 s\u0103 contribuie la ap\u0103rarea p\u0103r\u0163ii atacate.<\/p>\n\n\n\n<hr class=\"wp-block-separator\"\/>\n\n\n\n<p>1937&nbsp;&nbsp;&nbsp; &#8211; A \u00eencetat din via\u0163\u0103 actri\u0163a Jean Harlow, considerat\u0103 un sex-simbol al anilor \u201930. (n. 3 martie 1911) (\u201c\u00cengerii infernului\u201d, \u201cFemeia cu p\u0103rul ro\u015fu\u201d)<\/p>\n\n\n\n<hr class=\"wp-block-separator\"\/>\n\n\n\n<p>1990&nbsp;&nbsp;&nbsp; &#8211; Curtea Suprem\u0103 de Justi\u0163ie a validat alegerea ca pre\u015fedinte al Rom\u00e2niei a lui&nbsp;<a target=\"_blank\" href=\"http:\/\/politicieni.mediafax.ro\/politicieni\/?nume=Ion%20Iliescu#search\" rel=\"noreferrer noopener\">Ion Iliescu<\/a>.<\/p>\n\n\n\n<figure class=\"wp-block-image\"><img decoding=\"async\" src=\"https:\/\/i2.wp.com\/storage0.dms.mpinteractiv.ro\/media\/1\/1\/1706\/14416300\/17\/ion-iliescu-ovidiu-radu.jpg?w=800&#038;ssl=1\" alt=\"\" data-recalc-dims=\"1\"\/><\/figure>\n\n\n\n<hr class=\"wp-block-separator\"\/>\n\n\n\n<p>1994&nbsp;&nbsp;&nbsp; &#8211; Senatul a adoptat legea privind privatizarea prin metoda MEBO. Proiectul a fost discutat \u015fi adoptat anterior de Camera Deputa\u0163ilor.<\/p>\n\n\n\n<hr class=\"wp-block-separator\"\/>\n\n\n\n<p>2000&nbsp;&nbsp;&nbsp; &#8211; Eurocorps \u015fi-a \u00eencheiat misiunea \u00een cadrul for\u0163ei de stabilizare NATO din Bosnia-Her\u0163egovina, misiune \u00eenceput\u0103 \u00een iunie 1998.<\/p>\n\n\n\n<hr class=\"wp-block-separator\"\/>\n\n\n\n<p>2001&nbsp;&nbsp;&nbsp; &#8211; A fost identificat\u0103 gena care produce colesterolul de \u00eenalt\u0103 densitate lipoproteic\u0103 (HDL-C).<\/p>\n\n\n\n<hr class=\"wp-block-separator\"\/>\n\n\n\n<p>2001&nbsp;&nbsp;&nbsp; &#8211; Firma american\u0103 Philip Morris a fost condamnat\u0103, de c\u0103tre un juriu din Los Angeles, la plata a trei miliarde de dolari pentru un bolnav de cancer, \u00een v\u00eerst\u0103 de 56 de ani, aceasta reprezent\u00e2nd cea mai drastic\u0103 decizie luat\u0103 \u00eempotriva unei firme din domeniul tutunului \u00eentr-un proces individual.<\/p>\n\n\n\n<hr class=\"wp-block-separator\"\/>\n\n\n\n<p>2002&nbsp;&nbsp;&nbsp; &#8211; Senatul american a adoptat un buget suplimentar de urgen\u0163\u0103 de 31,5 miliarde de dolari, destinat finan\u0163\u0103rii activit\u0103\u0163ilor Pentagonului \u015fi luptei \u00eempotriva terorismului.<\/p>\n\n\n\n<hr class=\"wp-block-separator\"\/>\n\n\n\n<p>2003&nbsp;&nbsp;&nbsp; &#8211; Pre\u015fedintele rus Vladimir Putin a semnat legea privind ratificarea tratatului de dezarmare strategic\u0103 \u00eencheiat \u00een 2002 cu Statele Unite.<\/p>\n\n\n\n<hr class=\"wp-block-separator\"\/>\n\n\n\n<p>2003&nbsp;&nbsp;&nbsp; &#8211; Membrii expedi\u0163iei &#8220;Everest 2003&#8221;, care au cucerit cel mai \u00eenalt v\u00e2rf al masivului Himalaya, au revenit \u00een Rom\u00e2nia.<\/p>\n\n\n\n<hr class=\"wp-block-separator\"\/>\n\n\n\n<p>2004&nbsp;&nbsp;&nbsp; &#8211; Cabinetul israelian a adoptat planul de retragere din F\u00e2\u015fia Gaza, prezentat de premierul Ariel Sharon.<\/p>\n\n\n\n<hr class=\"wp-block-separator\"\/>\n\n\n\n<p>2004&nbsp;&nbsp;&nbsp; &#8211; Printr-un decret emis pe 7 iunie de pre\u015fedintele Fran\u0163ei, Jacques Chirac, actorului rom\u00e2n Ion Lucian i-a fost decernat titlul de Ofi\u0163er al Ordinului Na\u0163ional al Legiunii de Onoare, ca o recunoa\u015ftere a meritelor excep\u0163ionale \u00een domeniul teatrului.<\/p>\n\n\n\n<figure class=\"wp-block-image\"><img decoding=\"async\" src=\"https:\/\/i1.wp.com\/storage0.dms.mpinteractiv.ro\/media\/1\/1\/1706\/14416300\/14\/ion-lucian-franck-hamel.jpg?w=800&#038;ssl=1\" alt=\"\" data-recalc-dims=\"1\"\/><\/figure>\n\n\n\n<hr class=\"wp-block-separator\"\/>\n\n\n\n<p>2007&nbsp;&nbsp;&nbsp; &#8211; Mini\u015ftrii europeni participan\u0163i la reuniunea Consiliului pentru Transporturi, Telecomunica\u0163ii \u015fi Energie al UE au adoptat reglement\u0103rile privind reducerea pre\u0163ului pl\u0103tit de utilizatorii de telefoane mobile pentru convorbirile efectuate \u00een str\u0103in\u0103tate. Reglement\u0103rile reducerea tarifelor de roaming la un sfert sau o cincime din pre\u0163urile actuale.<\/p>\n\n\n\n<hr class=\"wp-block-separator\"\/>\n\n\n\n<p>2008&nbsp;&nbsp;&nbsp; &#8211; Candidatul la \u00eenvestitura democrat\u0103 senatorul de New York Hillary Clinton a anun\u0163at c\u0103 \u00ee\u015fi suspend\u0103 campania electoral\u0103 pentru Casa Alb\u0103, exprim\u00e2ndu-\u015fi sprijinul pentru rivalul s\u0103u, Barack Obama.<\/p>\n","protected":false},"excerpt":{"rendered":"<p>La data de 7 iunie 1886 s-a n\u0103scut savantul rom\u00e2n Henri Coand\u0103 (m. 24 noiembrie 1972), cel care a avut<\/p>\n","protected":false},"author":1,"featured_media":50883,"comment_status":"closed","ping_status":"closed","sticky":false,"template":"","format":"standard","meta":{"spay_email":"","footnotes":"","jetpack_publicize_message":""},"categories":[6],"tags":[],"class_list":["post-50882","post","type-post","status-publish","format-standard","has-post-thumbnail","hentry","category-social"],"jetpack_featured_media_url":"https:\/\/i1.wp.com\/realitatearutiera.ro\/wp-content\/uploads\/2019\/06\/henri-coanda.jpg?fit=500%2C243&ssl=1","jetpack_publicize_connections":[],"jetpack_sharing_enabled":true,"jetpack_shortlink":"https:\/\/wp.me\/p61naM-deG","jetpack-related-posts":[],"_links":{"self":[{"href":"https:\/\/realitatearutiera.ro\/index.php?rest_route=\/wp\/v2\/posts\/50882","targetHints":{"allow":["GET"]}}],"collection":[{"href":"https:\/\/realitatearutiera.ro\/index.php?rest_route=\/wp\/v2\/posts"}],"about":[{"href":"https:\/\/realitatearutiera.ro\/index.php?rest_route=\/wp\/v2\/types\/post"}],"author":[{"embeddable":true,"href":"https:\/\/realitatearutiera.ro\/index.php?rest_route=\/wp\/v2\/users\/1"}],"replies":[{"embeddable":true,"href":"https:\/\/realitatearutiera.ro\/index.php?rest_route=%2Fwp%2Fv2%2Fcomments&post=50882"}],"version-history":[{"count":1,"href":"https:\/\/realitatearutiera.ro\/index.php?rest_route=\/wp\/v2\/posts\/50882\/revisions"}],"predecessor-version":[{"id":50884,"href":"https:\/\/realitatearutiera.ro\/index.php?rest_route=\/wp\/v2\/posts\/50882\/revisions\/50884"}],"wp:featuredmedia":[{"embeddable":true,"href":"https:\/\/realitatearutiera.ro\/index.php?rest_route=\/wp\/v2\/media\/50883"}],"wp:attachment":[{"href":"https:\/\/realitatearutiera.ro\/index.php?rest_route=%2Fwp%2Fv2%2Fmedia&parent=50882"}],"wp:term":[{"taxonomy":"category","embeddable":true,"href":"https:\/\/realitatearutiera.ro\/index.php?rest_route=%2Fwp%2Fv2%2Fcategories&post=50882"},{"taxonomy":"post_tag","embeddable":true,"href":"https:\/\/realitatearutiera.ro\/index.php?rest_route=%2Fwp%2Fv2%2Ftags&post=50882"}],"curies":[{"name":"wp","href":"https:\/\/api.w.org\/{rel}","templated":true}]}}