{"id":50977,"date":"2019-06-11T08:04:25","date_gmt":"2019-06-11T05:04:25","guid":{"rendered":"http:\/\/realitatearutiera.ro\/?p=50977"},"modified":"2019-06-11T08:04:30","modified_gmt":"2019-06-11T05:04:30","slug":"un-baiat-de-sapte-ani-a-murit-strivit-de-un-utilaj","status":"publish","type":"post","link":"https:\/\/realitatearutiera.ro\/?p=50977","title":{"rendered":"Un b\u0103iat de \u0219apte ani a murit strivit de un utilaj"},"content":{"rendered":"\n<p>Un copil de \u0219apte ani \u0219i-a pierdut via\u021ba dup\u0103 ce un utilaj a c\u0103zut peste el, \u00een timp ce se afla \u00een atelierul tat\u0103lui s\u0103u,&nbsp;<\/p>\n\n\n\n<p>Anchetatorii au spus c\u0103 micu\u021bul era singur atunci c\u00e2nd s-a petrecut nenorocirea.&nbsp;<\/p>\n\n\n\n<p>A fost deschis un dosar penal pentru ucidere din culp\u0103.&nbsp;<\/p>\n\n\n\n<p>B\u0103iatul face parte dintr-o familie numeroas\u0103, cu 9 copii. Se juca \u00een atelierul tat\u0103lui c\u00e2nd, nu se \u015ftie \u00een ce \u00eemprejur\u0103ri, utilajul greu de 100 de kilograme a c\u0103zut peste el.<\/p>\n\n\n\n<p>Familia din care f\u0103cea parte b\u0103iatul ar fi avut o via\u021b\u0103 retras\u0103, iar vecinii spun c\u0103 existau tot felul de zvonuri legate de felul \u00een care erau crescu\u021bi copiii. Direc\u0163ia pentru Protec\u0163ia Copilului va trimite o echip\u0103 care s\u0103 verifice situa\u0163ia.<\/p>\n\n\n\n<p><br>Sursa:antena3<\/p>\n","protected":false},"excerpt":{"rendered":"<p>Un copil de \u0219apte ani \u0219i-a pierdut via\u021ba dup\u0103 ce un utilaj a c\u0103zut peste el, \u00een timp ce se<\/p>\n","protected":false},"author":1,"featured_media":49070,"comment_status":"closed","ping_status":"closed","sticky":false,"template":"","format":"standard","meta":{"spay_email":"","footnotes":"","jetpack_publicize_message":""},"categories":[6],"tags":[],"class_list":["post-50977","post","type-post","status-publish","format-standard","has-post-thumbnail","hentry","category-social"],"jetpack_featured_media_url":"https:\/\/i1.wp.com\/realitatearutiera.ro\/wp-content\/uploads\/2019\/04\/accident-grav-pe-dn7-ramnicu-valcea-sibiu-un-sofer-si-a-pierdut-viata-589663.jpeg?fit=620%2C436&ssl=1","jetpack_publicize_connections":[],"jetpack_sharing_enabled":true,"jetpack_shortlink":"https:\/\/wp.me\/p61naM-dgd","jetpack-related-posts":[],"_links":{"self":[{"href":"https:\/\/realitatearutiera.ro\/index.php?rest_route=\/wp\/v2\/posts\/50977","targetHints":{"allow":["GET"]}}],"collection":[{"href":"https:\/\/realitatearutiera.ro\/index.php?rest_route=\/wp\/v2\/posts"}],"about":[{"href":"https:\/\/realitatearutiera.ro\/index.php?rest_route=\/wp\/v2\/types\/post"}],"author":[{"embeddable":true,"href":"https:\/\/realitatearutiera.ro\/index.php?rest_route=\/wp\/v2\/users\/1"}],"replies":[{"embeddable":true,"href":"https:\/\/realitatearutiera.ro\/index.php?rest_route=%2Fwp%2Fv2%2Fcomments&post=50977"}],"version-history":[{"count":1,"href":"https:\/\/realitatearutiera.ro\/index.php?rest_route=\/wp\/v2\/posts\/50977\/revisions"}],"predecessor-version":[{"id":50978,"href":"https:\/\/realitatearutiera.ro\/index.php?rest_route=\/wp\/v2\/posts\/50977\/revisions\/50978"}],"wp:featuredmedia":[{"embeddable":true,"href":"https:\/\/realitatearutiera.ro\/index.php?rest_route=\/wp\/v2\/media\/49070"}],"wp:attachment":[{"href":"https:\/\/realitatearutiera.ro\/index.php?rest_route=%2Fwp%2Fv2%2Fmedia&parent=50977"}],"wp:term":[{"taxonomy":"category","embeddable":true,"href":"https:\/\/realitatearutiera.ro\/index.php?rest_route=%2Fwp%2Fv2%2Fcategories&post=50977"},{"taxonomy":"post_tag","embeddable":true,"href":"https:\/\/realitatearutiera.ro\/index.php?rest_route=%2Fwp%2Fv2%2Ftags&post=50977"}],"curies":[{"name":"wp","href":"https:\/\/api.w.org\/{rel}","templated":true}]}}