{"id":51292,"date":"2019-06-19T11:50:45","date_gmt":"2019-06-19T08:50:45","guid":{"rendered":"http:\/\/realitatearutiera.ro\/?p=51292"},"modified":"2019-06-19T11:50:48","modified_gmt":"2019-06-19T08:50:48","slug":"un-alt-stat-american-a-legalizat-eutanasia","status":"publish","type":"post","link":"https:\/\/realitatearutiera.ro\/?p=51292","title":{"rendered":"Un alt stat american a legalizat eutanasia"},"content":{"rendered":"\n<p>Maine a devenit cel de al optulea stat american care a legiferat \u00een favoarea legaliz\u0103rii suicidului asistat.<\/p>\n\n\n\n<p>\u201eSper c\u0103 aceast\u0103 prevedere legal\u0103, de\u015fi respect\u0103 drepturile \u015fi libert\u0103\u0163ile individuale, va fi folosit\u0103 cu cump\u0103tare\u201d, a declarat Janet Mills, guvernatoarea statului Maine, \u00een leg\u0103tur\u0103 cu in\u0163iativa pe care a sanc\u0163ionat-o. Sub prevederile noii legi, medicii vor putea s\u0103 prescrie pacien\u0163ilor \u00een stagii terminale \u015fi care beneficiaz\u0103 de\u00a0<a rel=\"noreferrer noopener\" href=\"https:\/\/www.descopera.ro\/stiinta\/18097665-unul-din-doi-bolnavi-de-cancer-din-romania-face-radioterapie-doar-in-stadiul-terminal\" target=\"_blank\">\u00eengrijiri paliative<\/a>, de \u0163inere sub control a nivelului de durere pe care ace\u015ftia \u00eel resimt, f\u0103r\u0103 a mai fi considerat suicid, noteaz\u0103\u00a0<a rel=\"noreferrer noopener\" href=\"http:\/\/medicalxpress.com\/news\/2019-06-maine-legalizes-suicide.html\" target=\"_blank\">Medicalxpress<\/a>.<\/p>\n\n\n\n<p>Ini\u0163iativa legat\u0103 de suicidul asistat a reprezentat obiectul unui referendum statal \u015fi a mai multor ini\u0163iative \u00een legislatura local\u0103. A ajuns de cur\u00e2nd s\u0103 fie vitat\u0103, adun\u00e2nd o majoritate limitat\u0103 \u00een favoarea sa.<\/p>\n\n\n\n<p>Una dintre cele mai vocale figuri publice care au luptat pentru aceast\u0103 lege este Staci Fowler. Ea a declarat c\u0103 toate eforturile pe care le-a depus pentru a asigura adoptarea acestei prevederi \u00een legislativul statal au fost inspirat de c\u0103tre prietena ei, Rebecca VanWormer. Aceasta din urm\u0103 a \u00eenceput demersurile pentru adoptarea legisla\u0163iei legate de&nbsp;<a href=\"https:\/\/www.descopera.ro\/cultura\/12963483-cand-oamenii-vor-sa-moara-iar-doctorul-ii-ajuta-ce-este-decesul-asistat-medical-si-care-sunt-implicatiile-lui-pentru-umanitate\" target=\"_blank\" rel=\"noreferrer noopener\">eutanasie&nbsp;<\/a>\u00een 2015, cu doi ani mai devreme de momentul \u00een care \u015fi-a g\u0103sit sf\u00e2r\u015fitul din cauza unui cancer mamar care s-a extins \u015fi asupra oaselor.<\/p>\n\n\n\n<p>Trebuie precizat c\u0103 statul american Maine prezint\u0103 cea mai mare<a rel=\"noreferrer noopener\" href=\"https:\/\/www.descopera.ro\/dnews\/11728342-care-este-pragul-inferior-de-varsta-la-care-poti-alege-sa-fii-eutanasiat-belgia-va-oferi-acest-drept-si-minorilor\" target=\"_blank\">\u00a0medie median\u0103 de v\u00e2rst\u0103<\/a>\u00a0din Statele Unite. Ceea ce face ca inciden\u0163a maladiilor cronice\u00a0 \u00een stagiu terminal \u015fi nevoia de \u00eengrijiri paliative s\u0103 fie mult mai dese.<\/p>\n\n\n\n<p>sursa: descopera.ro<\/p>\n","protected":false},"excerpt":{"rendered":"<p>Maine a devenit cel de al optulea stat american care a legiferat \u00een favoarea legaliz\u0103rii suicidului asistat. \u201eSper c\u0103 aceast\u0103<\/p>\n","protected":false},"author":1,"featured_media":51293,"comment_status":"closed","ping_status":"closed","sticky":false,"template":"","format":"standard","meta":{"spay_email":"","footnotes":"","jetpack_publicize_message":""},"categories":[12],"tags":[],"class_list":["post-51292","post","type-post","status-publish","format-standard","has-post-thumbnail","hentry","category-stiri-internationale"],"jetpack_featured_media_url":"https:\/\/i2.wp.com\/realitatearutiera.ro\/wp-content\/uploads\/2019\/06\/img-1.jpg?fit=839%2C559&ssl=1","jetpack_publicize_connections":[],"jetpack_sharing_enabled":true,"jetpack_shortlink":"https:\/\/wp.me\/p61naM-dli","jetpack-related-posts":[],"_links":{"self":[{"href":"https:\/\/realitatearutiera.ro\/index.php?rest_route=\/wp\/v2\/posts\/51292","targetHints":{"allow":["GET"]}}],"collection":[{"href":"https:\/\/realitatearutiera.ro\/index.php?rest_route=\/wp\/v2\/posts"}],"about":[{"href":"https:\/\/realitatearutiera.ro\/index.php?rest_route=\/wp\/v2\/types\/post"}],"author":[{"embeddable":true,"href":"https:\/\/realitatearutiera.ro\/index.php?rest_route=\/wp\/v2\/users\/1"}],"replies":[{"embeddable":true,"href":"https:\/\/realitatearutiera.ro\/index.php?rest_route=%2Fwp%2Fv2%2Fcomments&post=51292"}],"version-history":[{"count":1,"href":"https:\/\/realitatearutiera.ro\/index.php?rest_route=\/wp\/v2\/posts\/51292\/revisions"}],"predecessor-version":[{"id":51294,"href":"https:\/\/realitatearutiera.ro\/index.php?rest_route=\/wp\/v2\/posts\/51292\/revisions\/51294"}],"wp:featuredmedia":[{"embeddable":true,"href":"https:\/\/realitatearutiera.ro\/index.php?rest_route=\/wp\/v2\/media\/51293"}],"wp:attachment":[{"href":"https:\/\/realitatearutiera.ro\/index.php?rest_route=%2Fwp%2Fv2%2Fmedia&parent=51292"}],"wp:term":[{"taxonomy":"category","embeddable":true,"href":"https:\/\/realitatearutiera.ro\/index.php?rest_route=%2Fwp%2Fv2%2Fcategories&post=51292"},{"taxonomy":"post_tag","embeddable":true,"href":"https:\/\/realitatearutiera.ro\/index.php?rest_route=%2Fwp%2Fv2%2Ftags&post=51292"}],"curies":[{"name":"wp","href":"https:\/\/api.w.org\/{rel}","templated":true}]}}