{"id":51328,"date":"2019-06-20T07:56:02","date_gmt":"2019-06-20T04:56:02","guid":{"rendered":"http:\/\/realitatearutiera.ro\/?p=51328"},"modified":"2019-06-20T07:57:30","modified_gmt":"2019-06-20T04:57:30","slug":"51328","status":"publish","type":"post","link":"https:\/\/realitatearutiera.ro\/?p=51328","title":{"rendered":"Informa\u021bii \u0219i recomand\u0103ri din trafic"},"content":{"rendered":"\n<h3 class=\"wp-block-heading\">SITUA\u0162IA TRAFICULUI LA ORA 07:00<\/h3>\n\n\n\n<p><strong>Data:&nbsp;<\/strong>20 Iunie 2019<\/p>\n\n\n\n<p><strong>Ora:&nbsp;<\/strong>07:00<\/p>\n\n\n\n<p><strong>Centrul INFOTRAFIC din Inspectoratul General al Poli\u0163iei Rom\u00e2ne&nbsp;<\/strong>informeaz\u0103 c\u0103 pe DN 73 C\u00e2mpulung &#8211; Bra\u015fov, la kilometrul 77+080 de metri, \u00een localitatea D\u00e2mbovicioara, jude\u0163ul Arge\u015f, circula\u0163ia rutier\u0103 se desf\u0103\u015foar\u0103 pe un singur fir, altenativ, din cauza surp\u0103rii suprafe\u0163ei de rulare.<\/p>\n\n\n\n<p>Pe DN 28, la kilometrul 118, \u00een zona localit\u0103\u0163ii Bohotin, jude\u0163ul Ia\u015fi, suprafata carosabil\u0103 a fost acoperit\u0103 cu ap\u0103, din cauza ploilor abundente recente. Din acest motiv, traficul se desf\u0103\u015foar\u0103 \u00eengreunat, pe jum\u0103tate de cale.<\/p>\n\n\n\n<p>Ast\u0103zi \u015fi m\u00e2ine, \u00eentre orele 07:00 &#8211; 19:00, pe DN 15, la kilometrul 26+450, \u00een localitatea Che\u0163ani, jude\u0163ul Mure\u015f, se vor executa lucr\u0103ri de montare a elementelor prefabricate la pasajul pe autostrad\u0103 construit\u0103 peste drumul national. Circula\u0163ia rutier\u0103 se va desf\u0103\u015fura alternativ, pe o singur\u0103 band\u0103, dirijat\u0103 de pilo\u0163i de trafic.<\/p>\n\n\n\n<p>Pe DN 22\/ E87 (digul \u015eosea M\u0103cin &#8211; Sm\u00e2rdan), \u00een jude\u0163ul Tulcea, din cauza cre\u015fterii cotei apei Dun\u0103rii, sunt instituite 2 restric\u0163ii de circula\u0163ie, de tonaj \u015fi vitez\u0103, astfel: restric\u0163ia de tonaj este \u00een vigoare pentru autovehiculele cu masa maxim\u0103 autorizat\u0103 mai mare de 7,5 tone, iar cea de vitez\u0103 este impus\u0103 pentru limita maxim\u0103 de 70 km\/or\u0103. Sunt exceptate autovehiculele de pompieri, poli\u0163ie, SMURD, po\u015ft\u0103, precum \u015fi mijloacele auto care execut\u0103 lucr\u0103ri de combatere a efectelor inunda\u0163iilor.<\/p>\n\n\n\n<p>Pe Autostrada A1 Bucure\u015fti &#8211; Pite\u015fti, la kilometrul 36, la podul peste r\u00e2ul Arge\u015f, \u00een zona localit\u0103\u0163ii C\u0103scioarele, jude\u0163ul Giurgiu, traficul este deviat de pe calea 2 (sensul de mers c\u0103tre Bucure\u015fti) pe calea 1 (sensul c\u0103tre Pite\u015fti), unde se desf\u0103\u015foar\u0103 dirijat, pe c\u00e2te o band\u0103, \u00een ambele sensuri.<\/p>\n\n\n\n<p>Pentru prevenirea accidentelor rutiere, recomand\u0103m conduc\u0103torilor auto s\u0103 circule cu aten\u0163ie, asigur\u00e2ndu-se constant \u00eenainte de efectuarea vreunei manevre, s\u0103 nu efectueze dep\u0103\u015firi neregulamentare \u015fi s\u0103 adapteze \u00een permanen\u0163\u0103 viteza la condi\u0163iile de drum, trafic, precum \u015fi cele meteorologice.<\/p>\n\n\n\n<h3 class=\"wp-block-heading\">JUDE\u0162UL BUZ\u0102U: TRAFIC \u00ceNGREUNAT PE <\/h3>\n\n\n\n<p><strong>DN 2<\/strong><\/p>\n\n\n\n<p><strong>Data:&nbsp;<\/strong>20 Iunie 2019<\/p>\n\n\n\n<p><strong>Ora:&nbsp;<\/strong>07:10<\/p>\n\n\n\n<p><strong>Centrul INFOTRAFIC din Inspectoratul General al Poli\u0163iei Rom\u00e2ne&nbsp;<\/strong>informeaz\u0103 c\u0103 pe DN 2 (E 85), \u00een zona localit\u0103\u0163ii Mih\u0103ile\u015fti, jude\u0163ul Buz\u0103u, a avut loc un accident rutier, \u00een care au fost implicate 3 autoturisme \u015fi o cistern\u0103 f\u0103r\u0103 \u00eenc\u0103rc\u0103tur\u0103. \u00cen urma impactului a rezultat r\u0103nirea unei persoane, care a suferit leziuni u\u015foare. Circula\u0163ia rutier\u0103 este restric\u0163ionat\u0103 pe sensul de mers Urziceni &#8211; Buz\u0103u \u015fi se desf\u0103\u015foar\u0103 pe cele 2 benzi ale sensului opus, c\u00e2te o band\u0103 pentru fiecare direc\u0163ie. Se fac cercet\u0103ri pentru stabilirea mecanismului producerii evenimentului rutier, estim\u00e2ndu-se reluarea traficului \u00een condi\u0163ii normale \u00een aproximativ o or\u0103.<\/p>\n\n\n\n<p>Sursa:politiaromana<\/p>\n","protected":false},"excerpt":{"rendered":"<p>SITUA\u0162IA TRAFICULUI LA ORA 07:00 Data:&nbsp;20 Iunie 2019 Ora:&nbsp;07:00 Centrul INFOTRAFIC din Inspectoratul General al Poli\u0163iei Rom\u00e2ne&nbsp;informeaz\u0103 c\u0103 pe DN<\/p>\n","protected":false},"author":1,"featured_media":39945,"comment_status":"closed","ping_status":"closed","sticky":false,"template":"","format":"standard","meta":{"spay_email":"","footnotes":"","jetpack_publicize_message":""},"categories":[54],"tags":[],"class_list":["post-51328","post","type-post","status-publish","format-standard","has-post-thumbnail","hentry","category-informatii-rutiere"],"jetpack_featured_media_url":"https:\/\/i1.wp.com\/realitatearutiera.ro\/wp-content\/uploads\/2018\/08\/infotrafic1-465x390.jpg?fit=605%2C388&ssl=1","jetpack_publicize_connections":[],"jetpack_sharing_enabled":true,"jetpack_shortlink":"https:\/\/wp.me\/s61naM-51328","jetpack-related-posts":[],"_links":{"self":[{"href":"https:\/\/realitatearutiera.ro\/index.php?rest_route=\/wp\/v2\/posts\/51328","targetHints":{"allow":["GET"]}}],"collection":[{"href":"https:\/\/realitatearutiera.ro\/index.php?rest_route=\/wp\/v2\/posts"}],"about":[{"href":"https:\/\/realitatearutiera.ro\/index.php?rest_route=\/wp\/v2\/types\/post"}],"author":[{"embeddable":true,"href":"https:\/\/realitatearutiera.ro\/index.php?rest_route=\/wp\/v2\/users\/1"}],"replies":[{"embeddable":true,"href":"https:\/\/realitatearutiera.ro\/index.php?rest_route=%2Fwp%2Fv2%2Fcomments&post=51328"}],"version-history":[{"count":2,"href":"https:\/\/realitatearutiera.ro\/index.php?rest_route=\/wp\/v2\/posts\/51328\/revisions"}],"predecessor-version":[{"id":51330,"href":"https:\/\/realitatearutiera.ro\/index.php?rest_route=\/wp\/v2\/posts\/51328\/revisions\/51330"}],"wp:featuredmedia":[{"embeddable":true,"href":"https:\/\/realitatearutiera.ro\/index.php?rest_route=\/wp\/v2\/media\/39945"}],"wp:attachment":[{"href":"https:\/\/realitatearutiera.ro\/index.php?rest_route=%2Fwp%2Fv2%2Fmedia&parent=51328"}],"wp:term":[{"taxonomy":"category","embeddable":true,"href":"https:\/\/realitatearutiera.ro\/index.php?rest_route=%2Fwp%2Fv2%2Fcategories&post=51328"},{"taxonomy":"post_tag","embeddable":true,"href":"https:\/\/realitatearutiera.ro\/index.php?rest_route=%2Fwp%2Fv2%2Ftags&post=51328"}],"curies":[{"name":"wp","href":"https:\/\/api.w.org\/{rel}","templated":true}]}}