{"id":51629,"date":"2019-06-27T09:20:57","date_gmt":"2019-06-27T06:20:57","guid":{"rendered":"http:\/\/realitatearutiera.ro\/?p=51629"},"modified":"2019-06-27T09:21:03","modified_gmt":"2019-06-27T06:21:03","slug":"reglementarea-platformelor-de-ridesharing-uber-clever-si-bolt-a-fost-adoptata-de-guvern","status":"publish","type":"post","link":"https:\/\/realitatearutiera.ro\/?p=51629","title":{"rendered":"Reglementarea platformelor de ridesharing Uber, Clever \u015fi Bolt a fost adoptat\u0103 de Guvern"},"content":{"rendered":"\n<p>Reglementarea platformelor de ridesharing&nbsp;<a href=\"https:\/\/www.promotor.ro\/news\/oug-privind-uber-taxify-si-clever-a-intrat-in-vigoare.-ce-sanse-sunt-sa-mai-gasesti-o-masina-18131332\" target=\"_blank\" rel=\"noreferrer noopener\">Uber<\/a>, Clever \u015fi Bolt a fost adoptat\u0103 de Guvern \u00eenc\u0103 de ieri. Premierul Viorica D\u0103ncil\u0103 a anun\u0163at c\u0103 va adopta ordonan\u0163a de urgen\u0163\u0103 care reglementeaz\u0103 serviciile alternative de transport, scrie&nbsp;<a href=\"https:\/\/www.mediafax.ro\/politic\/guvernul-va-adopta-oug-privind-reglementarea-platformelor-de-ridesharing-uber-clever-si-bolt-18187643\" target=\"_blank\" rel=\"noreferrer noopener\">Mediafax<\/a>.<\/p>\n\n\n\n<p><em>\u201eAst\u0103zi (mar\u0163i-n.r) adopt\u0103m proiectul de act normativ privind reglementarea serviciilor alternative de transport de persoane, prin intermediul unor aplica\u0163ii digitale. Un proiect pe care l-am discutat s\u0103pt\u0103m\u00e2na trecut\u0103, \u00een prima lectur\u0103. Vom stabili o formul\u0103 care s\u0103 asigure transportul pasagerilor \u00een condi\u0163ii de siguran\u0163\u0103 \u015fi care s\u0103 \u00eencurajeze concuren\u0163a, astfel \u00eenc\u00e2t cet\u0103\u0163enii s\u0103 poat\u0103 aopta pentru servicii de c\u00e2t mai bun\u0103 calitate\u201d,<\/em>&nbsp;a declarat Viorica D\u0103ncil\u0103, la \u00eenceputul \u015fedin\u0163ei de Guvern.<ins><\/ins><\/p>\n\n\n\n<p>Viorica&nbsp;<a href=\"https:\/\/www.promotor.ro\/news\/ce-masini-detine-liviu-dragnea-foto-17280092\" target=\"_blank\" rel=\"noreferrer noopener\">D\u0103ncil\u0103<\/a>&nbsp;a ad\u0103ugat c\u0103 solu\u0163ia avut\u0103 \u00een vedere prin adoptarea unei ordonan\u0163e de urgen\u0163\u0103 privind ridesharingul va asigura transportul pasagerilor \u015fi \u00eencurajarea concuren\u0163ei loiale.<\/p>\n\n\n\n<p>Premierul a mai spus c\u0103 autorizarea administrativ\u0103 va fi valabil\u0103 pe o perioad\u0103 de trei ani pentru platformele digitale, c\u00e2t \u015fi pentru operatorii de transport alternativ.<\/p>\n\n\n\n<h4 class=\"wp-block-heading\">Proiectul de OUG privind reglementarea Uber, Bolt \u015fi Clever a fost, s\u0103pt\u0103m\u00e2na trecut\u0103, \u00een prim\u0103 lectur\u0103 \u00een \u015fedin\u0163a de Guvern<\/h4>\n\n\n\n<p>Noul proiect de ordonan\u0163\u0103 de urgen\u0163\u0103 pentru Uber, Clever go \u015fi Taxify (Bolt) nu mai prevede ca ma\u015finile s\u0103 nu fie mai vechi de cinci ani, vechimea fiind crescut\u0103 la 15 ani. Se va accepta achitarea cursei conform calculelor platformei, prin GPS, f\u0103r\u0103 a fi verficat\u0103 metrologic \u2013 ceea ce nu va fi valabil pentru taxiuri, arat\u0103 transportatorii, care precizeaz\u0103 c\u0103 se va admite tariful dinamic, ceea ce \u00eenseammn\u0103 c\u0103 la orele de maxim\u0103 aglomera\u0163ie ar putea dep\u0103\u015fi 30 lei\/km, a\u015fa cum au declarat chiar reprezentan\u0163ii Uber.<\/p>\n\n\n\n<p>Aproximativ 300 de taximetri\u015fti au protestat, mar\u0163i, \u00een Pia\u0163a Constitu\u0163iei, fa\u0163\u0103 de proiectul de ordonan\u0163\u0103 privind activitatea de ridesharing, despre care spun c\u0103 e o form\u0103 mascat\u0103 de a face concuren\u0163\u0103 neloial\u0103 taximetri\u015ftilor, cu nerespectarea mai multor legi \u00een vigoare.<\/p>\n\n\n\n<p><\/p>\n","protected":false},"excerpt":{"rendered":"<p>Reglementarea platformelor de ridesharing&nbsp;Uber, Clever \u015fi Bolt a fost adoptat\u0103 de Guvern \u00eenc\u0103 de ieri. Premierul Viorica D\u0103ncil\u0103 a anun\u0163at<\/p>\n","protected":false},"author":1,"featured_media":47139,"comment_status":"closed","ping_status":"closed","sticky":false,"template":"","format":"standard","meta":{"spay_email":"","footnotes":"","jetpack_publicize_message":""},"categories":[6],"tags":[],"class_list":["post-51629","post","type-post","status-publish","format-standard","has-post-thumbnail","hentry","category-social"],"jetpack_featured_media_url":"https:\/\/i2.wp.com\/realitatearutiera.ro\/wp-content\/uploads\/2019\/02\/uber-465x390.jpg?fit=605%2C388&ssl=1","jetpack_publicize_connections":[],"jetpack_sharing_enabled":true,"jetpack_shortlink":"https:\/\/wp.me\/p61naM-dqJ","jetpack-related-posts":[],"_links":{"self":[{"href":"https:\/\/realitatearutiera.ro\/index.php?rest_route=\/wp\/v2\/posts\/51629","targetHints":{"allow":["GET"]}}],"collection":[{"href":"https:\/\/realitatearutiera.ro\/index.php?rest_route=\/wp\/v2\/posts"}],"about":[{"href":"https:\/\/realitatearutiera.ro\/index.php?rest_route=\/wp\/v2\/types\/post"}],"author":[{"embeddable":true,"href":"https:\/\/realitatearutiera.ro\/index.php?rest_route=\/wp\/v2\/users\/1"}],"replies":[{"embeddable":true,"href":"https:\/\/realitatearutiera.ro\/index.php?rest_route=%2Fwp%2Fv2%2Fcomments&post=51629"}],"version-history":[{"count":1,"href":"https:\/\/realitatearutiera.ro\/index.php?rest_route=\/wp\/v2\/posts\/51629\/revisions"}],"predecessor-version":[{"id":51632,"href":"https:\/\/realitatearutiera.ro\/index.php?rest_route=\/wp\/v2\/posts\/51629\/revisions\/51632"}],"wp:featuredmedia":[{"embeddable":true,"href":"https:\/\/realitatearutiera.ro\/index.php?rest_route=\/wp\/v2\/media\/47139"}],"wp:attachment":[{"href":"https:\/\/realitatearutiera.ro\/index.php?rest_route=%2Fwp%2Fv2%2Fmedia&parent=51629"}],"wp:term":[{"taxonomy":"category","embeddable":true,"href":"https:\/\/realitatearutiera.ro\/index.php?rest_route=%2Fwp%2Fv2%2Fcategories&post=51629"},{"taxonomy":"post_tag","embeddable":true,"href":"https:\/\/realitatearutiera.ro\/index.php?rest_route=%2Fwp%2Fv2%2Ftags&post=51629"}],"curies":[{"name":"wp","href":"https:\/\/api.w.org\/{rel}","templated":true}]}}