{"id":51724,"date":"2019-07-01T08:37:24","date_gmt":"2019-07-01T05:37:24","guid":{"rendered":"http:\/\/realitatearutiera.ro\/?p=51724"},"modified":"2019-07-01T08:37:30","modified_gmt":"2019-07-01T05:37:30","slug":"explicatia-unui-climatolog-despre-fenomenele-extreme-din-ultima-vreme","status":"publish","type":"post","link":"https:\/\/realitatearutiera.ro\/?p=51724","title":{"rendered":"Explica\u021bia unui climatolog despre fenomenele extreme din ultima vreme"},"content":{"rendered":"\n<p><strong>\u00cen Europa, vineri este&nbsp;<a href=\"https:\/\/www.digi24.ro\/stiri\/externe\/ue\/cod-rosu-de-canicula-in-franta-si-spania-turist-sunt-din-cuba-este-mai-cald-decat-in-cuba-ce-zici-de-asta-1152341\" target=\"_blank\" rel=\"noreferrer noopener\">v\u00e2rful caniculei.<\/a>&nbsp;\u00cen Fran\u0163a, patru departamente din sud se afla sub cod ro\u015fu iar temperaturile ar putea dep\u0103\u015fi 45 de grade Celsius. S-au \u00eenregistrat deja primele victime. \u00cen ciuda tuturor avertismentelor, un biciclist a plecat \u00eentr-o curs\u0103 \u015fi a fost r\u0103pus de c\u0103ldura prea mare. Iar \u00een Spania a murit un t\u00e2n\u0103r de 17 ani tot din cauza caniculei. \u015ei \u00een aceast\u0103 \u0163ar\u0103 sunt a\u015fteptate maxime de p\u00e2n\u0103 la 42 de grade. Cea mai grav\u0103 situa\u0163ie este \u00een Catalonia, unde se extind incendiile de vegeta\u0163ie provocate de ar\u015fi\u0163\u0103.<\/strong><\/p>\n\n\n\n<p>\u201eAr trebui s\u0103 ne obi\u0219nuim (cu astfel de fenomene n.r.), exist\u0103 multe studii publicate recent care au ar\u0103tat c\u0103 vom avea valuri de c\u0103ldur\u0103 din ce \u00een ce mai frecvente \u00een viitor. (&#8230;.) Un studiu, publicat la \u00eenceputul lunii iunie, a ar\u0103tat c\u0103 emisfesta nordic\u0103 a fost afectat\u0103 pe o regiune extins\u0103 de valul de c\u0103ldur\u0103 \u0219i au ar\u0103tat c\u0103 aceste valuri de c\u0103ldur\u0103 sunt o consecin\u021b\u0103 direct\u0103 a schimb\u0103rilor climatice.<\/p>\n\n\n\n<p>Valurile de c\u0103ldur\u0103 vor afecta arii din ce \u00een ce mai extinse \u0219i vor duce la recorduri de temperatur\u0103.<\/p>\n\n\n\n<p>\u00cen viitor, dac\u0103 se p\u0103streaz\u0103 o cre\u0219tere a temperaturilor globale de 1,5 grade Celsius, ne a\u0219tept\u0103m ca, dintr-o perioad\u0103 de 3 ani consecutiv, s\u0103 fie 2 ani cu valuri de c\u0103ldur\u0103.<\/p>\n\n\n\n<p>Dac\u0103 temperatura cre\u0219te cu peste 2 grade, atunci ne a\u0219tept\u0103m ca \u00een fiecare an s\u0103 fie valuri de c\u0103ldur\u0103.<\/p>\n\n\n\n<p>O consecin\u021b\u0103 a schimb\u0103rilor climatice este extinderea acestui sezon de furtuni. \u00cen loc ca \u00een august s\u0103 avem mai pu\u021bine furtuni dec\u00e2t \u00een iunie sau iulie, vom avea un sezon cu furtuni care se extinde \u00een august \u0219i p\u00e2n\u0103 \u00een septembrie. \u00cen continuare vom avea zile c\u0103lduroase, dar vom avea \u0219i o cre\u0219tere a valurilor de c\u0103ldur\u0103 \u0219i a fenomenelor extreme.<\/p>\n\n\n\n<p>M\u0103surile pe termen lung sunt s\u0103 reducem consumul de combustibili \u0219i astfel reducem efectele schimb\u0103rilor climatologice\u201d, Bogdan Antonescu, expert \u00een fenomene meteo extreme.<\/p>\n\n\n\n<p>sursa: digi24<\/p>\n","protected":false},"excerpt":{"rendered":"<p>\u00cen Europa, vineri este&nbsp;v\u00e2rful caniculei.&nbsp;\u00cen Fran\u0163a, patru departamente din sud se afla sub cod ro\u015fu iar temperaturile ar putea dep\u0103\u015fi<\/p>\n","protected":false},"author":1,"featured_media":27683,"comment_status":"closed","ping_status":"closed","sticky":false,"template":"","format":"standard","meta":{"spay_email":"","footnotes":"","jetpack_publicize_message":""},"categories":[6],"tags":[],"class_list":["post-51724","post","type-post","status-publish","format-standard","has-post-thumbnail","hentry","category-social"],"jetpack_featured_media_url":"https:\/\/i2.wp.com\/realitatearutiera.ro\/wp-content\/uploads\/2017\/10\/trafic-circulatie-vreme-rea-360x224.jpg?fit=360%2C224&ssl=1","jetpack_publicize_connections":[],"jetpack_sharing_enabled":true,"jetpack_shortlink":"https:\/\/wp.me\/p61naM-dsg","jetpack-related-posts":[],"_links":{"self":[{"href":"https:\/\/realitatearutiera.ro\/index.php?rest_route=\/wp\/v2\/posts\/51724","targetHints":{"allow":["GET"]}}],"collection":[{"href":"https:\/\/realitatearutiera.ro\/index.php?rest_route=\/wp\/v2\/posts"}],"about":[{"href":"https:\/\/realitatearutiera.ro\/index.php?rest_route=\/wp\/v2\/types\/post"}],"author":[{"embeddable":true,"href":"https:\/\/realitatearutiera.ro\/index.php?rest_route=\/wp\/v2\/users\/1"}],"replies":[{"embeddable":true,"href":"https:\/\/realitatearutiera.ro\/index.php?rest_route=%2Fwp%2Fv2%2Fcomments&post=51724"}],"version-history":[{"count":1,"href":"https:\/\/realitatearutiera.ro\/index.php?rest_route=\/wp\/v2\/posts\/51724\/revisions"}],"predecessor-version":[{"id":51725,"href":"https:\/\/realitatearutiera.ro\/index.php?rest_route=\/wp\/v2\/posts\/51724\/revisions\/51725"}],"wp:featuredmedia":[{"embeddable":true,"href":"https:\/\/realitatearutiera.ro\/index.php?rest_route=\/wp\/v2\/media\/27683"}],"wp:attachment":[{"href":"https:\/\/realitatearutiera.ro\/index.php?rest_route=%2Fwp%2Fv2%2Fmedia&parent=51724"}],"wp:term":[{"taxonomy":"category","embeddable":true,"href":"https:\/\/realitatearutiera.ro\/index.php?rest_route=%2Fwp%2Fv2%2Fcategories&post=51724"},{"taxonomy":"post_tag","embeddable":true,"href":"https:\/\/realitatearutiera.ro\/index.php?rest_route=%2Fwp%2Fv2%2Ftags&post=51724"}],"curies":[{"name":"wp","href":"https:\/\/api.w.org\/{rel}","templated":true}]}}