{"id":51878,"date":"2019-07-03T11:17:41","date_gmt":"2019-07-03T08:17:41","guid":{"rendered":"http:\/\/realitatearutiera.ro\/?p=51878"},"modified":"2019-07-03T11:17:44","modified_gmt":"2019-07-03T08:17:44","slug":"semnificatii-istorice-pentru-ziua-de-3-iulie-2","status":"publish","type":"post","link":"https:\/\/realitatearutiera.ro\/?p=51878","title":{"rendered":"Semnifica\u0163ii istorice pentru ziua de 3 iulie"},"content":{"rendered":"\n<p>\u00cen 1883 s-a n\u0103scut scriitorul ceh Franz Kafka, reprezentat de seam\u0103 al prozei moderne, autor al lucr\u0103rilor Procesul, Castelul \u015fi America, Un medic de \u0163ar\u0103, Colonia penitenciar\u0103, Un artist al foamei, Verdictul (m. 3 iunie 1924).<strong>531 afi\u015f\u0103ri<\/strong><\/p>\n\n\n\n<figure><iframe loading=\"lazy\" width=\"1000px\" height=\"1000px\" allowfullscreen=\"true\" src=\"https:\/\/web.facebook.com\/v3.0\/plugins\/share_button.php?app_id=1184214035002977&amp;channel=https%3A%2F%2Fstaticxx.facebook.com%2Fconnect%2Fxd_arbiter.php%3Fversion%3D44%23cb%3Df11f0a6b816a8d8%26domain%3Dwww.mediafax.ro%26origin%3Dhttps%253A%252F%252Fwww.mediafax.ro%252Ff130b29759697ac%26relation%3Dparent.parent&amp;container_width=560&amp;href=https%3A%2F%2Fwww.mediafax.ro%2Fcultura-media%2Fsemnificatii-istorice-pentru-ziua-de-3-iulie-14537638&amp;locale=ro_RO&amp;sdk=joey&amp;type=button\" class=\"\"><\/iframe><\/figure>\n\n\n\n<figure class=\"wp-block-image\"><a href=\"https:\/\/www.mediafax.ro\/cultura-media\/semnificatii-istorice-pentru-ziua-de-3-iulie-14537638\/foto\"><img decoding=\"async\" src=\"https:\/\/i1.wp.com\/storage0.dms.mpinteractiv.ro\/media\/1\/1\/1706\/14537638\/2\/franz-kafka-afp.jpg?w=800&#038;ssl=1\" alt=\"Imaginea articolului Semnifica\u0163ii istorice pentru ziua de 3 iulie\" data-recalc-dims=\"1\"\/><\/a><\/figure>\n\n\n\n<p>Semnifica\u0163ii istorice pentru ziua de 3 iulie (Imagine: Mediafax Foto\/AFP)<\/p>\n\n\n\n<hr class=\"wp-block-separator\"\/>\n\n\n\n<p>1854 S-a n\u0103scut compozitorul, muzicologul, pedagogul \u015fi dirijorul Leo\u0161 Jan\u00e1\u010dec, cel mai important compozitor ceh al secolului XX. (\u201cSonata Kreutzer\u201d) (m. 12 august 1928)<\/p>\n\n\n\n<hr class=\"wp-block-separator\"\/>\n\n\n\n<p>1893 &#8211; S-a n\u0103scut Aca de Barbu, c\u00e2nt\u0103rea\u0163\u0103 \u015fi pedagog\u0103 (m. 21martie 1958)<\/p>\n\n\n\n<hr class=\"wp-block-separator\"\/>\n\n\n\n<p>1898 &#8211; Joschua Slocum devine primul navigator solitar care realizeaz\u0103 \u00eenconjurul complet al P\u0103m\u00e2ntului<\/p>\n\n\n\n<hr class=\"wp-block-separator\"\/>\n\n\n\n<p>1904 &#8211; A \u00eencetat din via\u0163\u0103 Theodor Herzl, reprezentant marcant al cauzei sioniste, militant pentru fondarea Statului Israel. (n. 2 mai 1860)<\/p>\n\n\n\n<hr class=\"wp-block-separator\"\/>\n\n\n\n<p>1928 &#8211; Englezul John Logie Baird a enun\u0163at, pentru prima dat\u0103, principiul televiziunii \u00een culori<\/p>\n\n\n\n<hr class=\"wp-block-separator\"\/>\n\n\n\n<p>1992 &#8211; Hunedoara a fost primul jude\u0163 al Rom\u00e2niei primit ca membru \u00een cadrul Ansamblului Regiunilor Europei<\/p>\n\n\n\n<hr class=\"wp-block-separator\"\/>\n\n\n\n<p>1994 &#8211; A \u00eencetat din via\u0163\u0103 actorul Vistrian Roman (\u201ePistruiatul\u201d) (n. 15 mai 1941)<\/p>\n\n\n\n<p>Sursa:mediafax<\/p>\n","protected":false},"excerpt":{"rendered":"<p>\u00cen 1883 s-a n\u0103scut scriitorul ceh Franz Kafka, reprezentat de seam\u0103 al prozei moderne, autor al lucr\u0103rilor Procesul, Castelul \u015fi<\/p>\n","protected":false},"author":1,"featured_media":51879,"comment_status":"closed","ping_status":"closed","sticky":false,"template":"","format":"standard","meta":{"spay_email":"","footnotes":"","jetpack_publicize_message":""},"categories":[6],"tags":[],"class_list":["post-51878","post","type-post","status-publish","format-standard","has-post-thumbnail","hentry","category-social"],"jetpack_featured_media_url":"https:\/\/i0.wp.com\/realitatearutiera.ro\/wp-content\/uploads\/2019\/07\/vistrian-roman.jpg?fit=800%2C600&ssl=1","jetpack_publicize_connections":[],"jetpack_sharing_enabled":true,"jetpack_shortlink":"https:\/\/wp.me\/p61naM-duK","jetpack-related-posts":[],"_links":{"self":[{"href":"https:\/\/realitatearutiera.ro\/index.php?rest_route=\/wp\/v2\/posts\/51878","targetHints":{"allow":["GET"]}}],"collection":[{"href":"https:\/\/realitatearutiera.ro\/index.php?rest_route=\/wp\/v2\/posts"}],"about":[{"href":"https:\/\/realitatearutiera.ro\/index.php?rest_route=\/wp\/v2\/types\/post"}],"author":[{"embeddable":true,"href":"https:\/\/realitatearutiera.ro\/index.php?rest_route=\/wp\/v2\/users\/1"}],"replies":[{"embeddable":true,"href":"https:\/\/realitatearutiera.ro\/index.php?rest_route=%2Fwp%2Fv2%2Fcomments&post=51878"}],"version-history":[{"count":1,"href":"https:\/\/realitatearutiera.ro\/index.php?rest_route=\/wp\/v2\/posts\/51878\/revisions"}],"predecessor-version":[{"id":51880,"href":"https:\/\/realitatearutiera.ro\/index.php?rest_route=\/wp\/v2\/posts\/51878\/revisions\/51880"}],"wp:featuredmedia":[{"embeddable":true,"href":"https:\/\/realitatearutiera.ro\/index.php?rest_route=\/wp\/v2\/media\/51879"}],"wp:attachment":[{"href":"https:\/\/realitatearutiera.ro\/index.php?rest_route=%2Fwp%2Fv2%2Fmedia&parent=51878"}],"wp:term":[{"taxonomy":"category","embeddable":true,"href":"https:\/\/realitatearutiera.ro\/index.php?rest_route=%2Fwp%2Fv2%2Fcategories&post=51878"},{"taxonomy":"post_tag","embeddable":true,"href":"https:\/\/realitatearutiera.ro\/index.php?rest_route=%2Fwp%2Fv2%2Ftags&post=51878"}],"curies":[{"name":"wp","href":"https:\/\/api.w.org\/{rel}","templated":true}]}}