{"id":51892,"date":"2019-07-04T08:41:19","date_gmt":"2019-07-04T05:41:19","guid":{"rendered":"http:\/\/realitatearutiera.ro\/?p=51892"},"modified":"2019-07-04T08:41:25","modified_gmt":"2019-07-04T05:41:25","slug":"tragedie-in-mures-un-tren-a-lovit-o-masina-care-a-traversa-calea-ferata","status":"publish","type":"post","link":"https:\/\/realitatearutiera.ro\/?p=51892","title":{"rendered":"Tragedie \u00een Mure\u0219. Un tren a lovit o ma\u0219in\u0103 care a traversa calea ferat\u0103."},"content":{"rendered":"\n<p>O persoan\u0103 a murit, iar alte trei au fost r\u0103nite grav, joi diminea\u0163a,  \u00een urma coliziunii dintre un autoturism \u00eenmatriculat \u00een Gala\u0163i \u015fi  Trenul InterRegio 4541, potrivit Inspectoratului pentru Situa\u0163ii de  Urgen\u0163\u0103 (ISU) Mure\u015f.<br> <br> Conform sursei citate, accidentul a avut loc la o trecere la nivel cu  calea ferat\u0103 de pe Drumul Jude\u0163ean 153, la ie\u015firea din ora\u015ful Reghin<br> <br> Poli\u0163i\u015ftii rutieri efectueaz\u0103 cercet\u0103ri la fa\u0163a locului pentru stabilirea cauzelor accidentului.<br> <br> La locul accidentului a intervenit Deta\u015famentul Reghin, cu dou\u0103 autospeciale \u015fi nou\u0103 subofi\u0163eri.<\/p>\n\n\n\n<p><strong>Surs\u0103:<\/strong><a rel=\"noreferrer noopener\" href=\"http:\/\/www.agerpres.ro\" target=\"_blank\">Agerpres<\/a><\/p>\n","protected":false},"excerpt":{"rendered":"<p>O persoan\u0103 a murit, iar alte trei au fost r\u0103nite grav, joi diminea\u0163a, \u00een urma coliziunii dintre un autoturism \u00eenmatriculat<\/p>\n","protected":false},"author":1,"featured_media":0,"comment_status":"closed","ping_status":"closed","sticky":false,"template":"","format":"standard","meta":{"spay_email":"","footnotes":"","jetpack_publicize_message":""},"categories":[1],"tags":[],"class_list":["post-51892","post","type-post","status-publish","format-standard","hentry","category-uncategorized"],"jetpack_featured_media_url":"","jetpack_publicize_connections":[],"jetpack_sharing_enabled":true,"jetpack_shortlink":"https:\/\/wp.me\/p61naM-duY","jetpack-related-posts":[],"_links":{"self":[{"href":"https:\/\/realitatearutiera.ro\/index.php?rest_route=\/wp\/v2\/posts\/51892","targetHints":{"allow":["GET"]}}],"collection":[{"href":"https:\/\/realitatearutiera.ro\/index.php?rest_route=\/wp\/v2\/posts"}],"about":[{"href":"https:\/\/realitatearutiera.ro\/index.php?rest_route=\/wp\/v2\/types\/post"}],"author":[{"embeddable":true,"href":"https:\/\/realitatearutiera.ro\/index.php?rest_route=\/wp\/v2\/users\/1"}],"replies":[{"embeddable":true,"href":"https:\/\/realitatearutiera.ro\/index.php?rest_route=%2Fwp%2Fv2%2Fcomments&post=51892"}],"version-history":[{"count":1,"href":"https:\/\/realitatearutiera.ro\/index.php?rest_route=\/wp\/v2\/posts\/51892\/revisions"}],"predecessor-version":[{"id":51893,"href":"https:\/\/realitatearutiera.ro\/index.php?rest_route=\/wp\/v2\/posts\/51892\/revisions\/51893"}],"wp:attachment":[{"href":"https:\/\/realitatearutiera.ro\/index.php?rest_route=%2Fwp%2Fv2%2Fmedia&parent=51892"}],"wp:term":[{"taxonomy":"category","embeddable":true,"href":"https:\/\/realitatearutiera.ro\/index.php?rest_route=%2Fwp%2Fv2%2Fcategories&post=51892"},{"taxonomy":"post_tag","embeddable":true,"href":"https:\/\/realitatearutiera.ro\/index.php?rest_route=%2Fwp%2Fv2%2Ftags&post=51892"}],"curies":[{"name":"wp","href":"https:\/\/api.w.org\/{rel}","templated":true}]}}