{"id":52011,"date":"2019-07-08T08:12:11","date_gmt":"2019-07-08T05:12:11","guid":{"rendered":"http:\/\/realitatearutiera.ro\/?p=52011"},"modified":"2019-07-08T08:12:17","modified_gmt":"2019-07-08T05:12:17","slug":"proiect-de-lege-amenzi-mai-mari-si-suspendarea-permisului-pentru-depasire-neregulamentara-sau-conducerea-sub-influenta-alcoolului","status":"publish","type":"post","link":"https:\/\/realitatearutiera.ro\/?p=52011","title":{"rendered":"Proiect de lege: Amenzi mai mari \u0219i suspendarea permisului  pentru dep\u0103\u0219ire neregulamentar\u0103 sau conducerea sub influen\u021ba alcoolului"},"content":{"rendered":"\n<p><strong>Deputatul PNL Florin Roman a depus la Senat un proiect care prevede cre\u0219terea sanc\u021biunilor \u00eentre 9 \u0219i 20 de puncte amend\u0103 plus suspendarea permisului pentru o perioad\u0103 de 90 de zile pentru dep\u0103\u0219ire neregulamentar\u0103 sau conducerea sub influen\u021ba alcoolului.<\/strong><\/p>\n\n\n\n<p>Ini\u021biativa legislativ\u0103 a liberalului propune modificarea \u015fi completarea Ordonan\u0163ei de urgen\u0163\u0103 a Guvernului nr.195\/2002 privind circula\u0163ia pe drumurile publice, noteaz\u0103 Mediafax.<\/p>\n\n\n\n<p>\u00cen prezent legea spune c\u0103 dep\u0103\u0219irea neregulamentar\u0103 sau conducerea sub influen\u021ba b\u0103uturilor alcoolice prevede sanc\u021biuni \u00eencadrate \u00een clasa a II-a, respectiv 4 sau 5 puncte amend\u0103 plus suspendarea permisului pentru o perioad\u0103 de 30 de zile.<\/p>\n\n\n\n<p>Florin Roman propune, prin proiectul de lege, ca pentru dep\u0103\u0219irea ilegal\u0103 sau conducerea sub influen\u021ba alcoolului s\u0103 fie prev\u0103zute sanc\u021biuni \u00eencadrate \u00een clasa a IV-a, \u0219i anume de la 9 la 20 de puncte amend\u0103 \u0219i suspendarea permisului auto timp de 90 de zile.<\/p>\n\n\n\n<p>\u201eRom\u00e2nia ocup\u0103 \u00een continuare un neonorant loc 1 \u00een statistica european\u0103 referitoare la num\u0103rul de decese din accidentele rutiere, av\u00e2nd o medie de 98 de decese la un milion de locuitori, media european\u0103 fiind de 49 de decese la milionul de locuitori, conform datelor oficiale. La nivel european, aceast\u0103 situa\u021bie este de-a dreptul alarmant\u0103 iar \u00een acest sens se urm\u0103re\u0219te identificarea unui set de metode pentru a reduce la jum\u0103tate num\u0103rul victimelor la nivel european. La nivel na\u021bional avem aprobat\u0103 Hot\u0103r\u00e2rea nr. 755\/2016 privind aprobarea Strategiei na\u021bionale pentru siguran\u021ba rutier\u0103 pentru perioda 2016-2020 \u0219i a Planului de ac\u021biuni pentru implementarea, un document strategic care traseaz\u0103 direc\u021biile de ac\u021biune \u00een sensul sporirii gradului de siguran\u021b\u0103 \u00een traficul rutier, iar una dintre aceste direc\u021bii vizeaz\u0103 \u00eembun\u0103t\u0103\u021birea legisla\u021biei \u0219i a controlului respect\u0103rii acesteia\u201d, arat\u0103 deputatul PNL, \u00een expunerea de motive a proiectului.<\/p>\n\n\n\n<p>\u201eNerespectarea regulilor privind dep\u0103\u0219irea \u0219i condusul sub influen\u021ba b\u0103uturilor alcoolice, dac\u0103 fapta nu constituie, potrivit legii, infrac\u021biune sunt mai aspru sanc\u021bionate. \u00cen cazul nerespect\u0103rii regulilor privind dep\u0103\u0219irea se propune trecerea \u00eentr-o clas\u0103 superioar\u0103 de sanc\u021bionare de la amenda prev\u0103zut\u0103 \u00een clasa a II-a de sanc\u021biuni, cu aplicarea sanc\u021biunii contraven\u021bionale complementare a suspend\u0103rii exercit\u0103rii dreptului de a conduce pentru o perioad\u0103 de 30 de zile, la sanc\u021bionarea cu amenda prev\u0103zut\u0103 \u00een clasa a IV-a de sanc\u021biuni, cu aplicarea sanc\u021biunii complementare a suspend\u0103rii exercit\u0103rii dreptului de a conduce pentru o perioad\u0103 de 90 de zile\u201d, mai arat\u0103 sursa citat\u0103.<\/p>\n\n\n\n<p>De asemenea, \u00een cazul condusului unui autovehicul, tractor agricol sau forestier ori tramvai sub influen\u021ba b\u0103uturilor alcoolice, dac\u0103 fapta nu constituie, potrivit legii, infrac\u021biune, se propune ca sanc\u021biunea complementar\u0103 a suspend\u0103rii exercit\u0103rii dreptului de a conduce s\u0103 se dispun\u0103 pentru o perioad\u0103 de un an de zile.<\/p>\n\n\n\n<p>Pe legisla\u021bia actual\u0103 perioada maxim\u0103 de suspendare este de 90 de zile, arat\u0103 Florin Roman \u00een expunerea de motive.<\/p>\n\n\n\n<p>Ini\u021biativa legislativ\u0103 prevede introducerea unei noi litere la articolul 102 din OUG 195\/2002, cu urm\u0103torul cuprins: \u201eConstituie contraven\u021bie \u0219i se sanc\u021bioneaz\u0103 cu amend\u0103 previzut\u0103 \u00een clasa a IV-a de sanc\u021biuni \u0219i cu aplicarea sanc\u021biunii complementare a suspend\u0103rii exercit\u0103rii dreptului de a conduce pentru o perioad\u0103 de 90 de zile s\u0103v\u00e2r\u0219irea de c\u0103tre conduc\u0103torul de autovehicul, tractor agricol sau forestier, ori tramvai urm\u0103toarele fapte: f) nerespectarea regulilor privind dep\u0103\u0219irea\u201d.<\/p>\n\n\n\n<p>Totodat\u0103, mai este introdus \u00een actul normativ un articol nou, 102\u00b9, care are cuprinsul: \u201eConstituie contraven\u021bie \u0219i se sanc\u021bioneaz\u0103 cu amenda prev\u0103zut\u0103 \u00een clasa a IV-a de sanc\u021biuni \u0219i cu aplicarea sanc\u021biunii complementare a suspend\u0103rii excercit\u0103rii dreptului de a conduce pentru o perioad\u0103 de 1 an de zile s\u0103v\u00e2r\u0219irea de c\u0103tre conduc\u0103torul de autovehicul, tractor agricol sau forestier ori tramvai a faptei de a conduce sub influen\u021ba b\u0103uturilor alcoolice, dac\u0103 fapta nu constituie, potrivit legii, infrac\u021biune\u201d.<\/p>\n\n\n\n<p>Liberalul sus\u021bine c\u0103 reducerea num\u0103rului de accidente reprezint\u0103 un obiectiv asumat la nivel de documente oficiale, efectele campaniilor de preven\u021bie sunt limitate dac\u0103 ele nu sunt dublate de o legisla\u021bie ferm\u0103.<\/p>\n\n\n\n<p>\u201eSchimbarea comportamentului la volan se poate ob\u021bine prin combinarea celor dou\u0103 p\u00e2rghii de ac\u021biune \u2013 campanii de preven\u021bie \u0219i con\u0219tientizarea pericolului conducerii sub influen\u021ba alcoolului \u0219i a \u00eenc\u0103lc\u0103rii regulilor de circula\u021bie, precum \u0219i interven\u021bii asupra legisla\u021biei \u00een domeniu\u201d, conchide Florin Roman, \u00een expunerea de motive a propunerii legislative.<\/p>\n\n\n\n<p>Proiectul de lege a fost \u00eenregistrat la Senat, prim for sesizat, decizional\u0103 fiind Camera Deputa\u021bilor.<br>Sursa:hotnews<\/p>\n","protected":false},"excerpt":{"rendered":"<p>Deputatul PNL Florin Roman a depus la Senat un proiect care prevede cre\u0219terea sanc\u021biunilor \u00eentre 9 \u0219i 20 de puncte<\/p>\n","protected":false},"author":1,"featured_media":52012,"comment_status":"closed","ping_status":"closed","sticky":false,"template":"","format":"standard","meta":{"spay_email":"","footnotes":"","jetpack_publicize_message":""},"categories":[6],"tags":[],"class_list":["post-52011","post","type-post","status-publish","format-standard","has-post-thumbnail","hentry","category-social"],"jetpack_featured_media_url":"https:\/\/i0.wp.com\/realitatearutiera.ro\/wp-content\/uploads\/2019\/07\/etilotest.jpg?fit=1024%2C660&ssl=1","jetpack_publicize_connections":[],"jetpack_sharing_enabled":true,"jetpack_shortlink":"https:\/\/wp.me\/p61naM-dwT","jetpack-related-posts":[],"_links":{"self":[{"href":"https:\/\/realitatearutiera.ro\/index.php?rest_route=\/wp\/v2\/posts\/52011","targetHints":{"allow":["GET"]}}],"collection":[{"href":"https:\/\/realitatearutiera.ro\/index.php?rest_route=\/wp\/v2\/posts"}],"about":[{"href":"https:\/\/realitatearutiera.ro\/index.php?rest_route=\/wp\/v2\/types\/post"}],"author":[{"embeddable":true,"href":"https:\/\/realitatearutiera.ro\/index.php?rest_route=\/wp\/v2\/users\/1"}],"replies":[{"embeddable":true,"href":"https:\/\/realitatearutiera.ro\/index.php?rest_route=%2Fwp%2Fv2%2Fcomments&post=52011"}],"version-history":[{"count":1,"href":"https:\/\/realitatearutiera.ro\/index.php?rest_route=\/wp\/v2\/posts\/52011\/revisions"}],"predecessor-version":[{"id":52013,"href":"https:\/\/realitatearutiera.ro\/index.php?rest_route=\/wp\/v2\/posts\/52011\/revisions\/52013"}],"wp:featuredmedia":[{"embeddable":true,"href":"https:\/\/realitatearutiera.ro\/index.php?rest_route=\/wp\/v2\/media\/52012"}],"wp:attachment":[{"href":"https:\/\/realitatearutiera.ro\/index.php?rest_route=%2Fwp%2Fv2%2Fmedia&parent=52011"}],"wp:term":[{"taxonomy":"category","embeddable":true,"href":"https:\/\/realitatearutiera.ro\/index.php?rest_route=%2Fwp%2Fv2%2Fcategories&post=52011"},{"taxonomy":"post_tag","embeddable":true,"href":"https:\/\/realitatearutiera.ro\/index.php?rest_route=%2Fwp%2Fv2%2Ftags&post=52011"}],"curies":[{"name":"wp","href":"https:\/\/api.w.org\/{rel}","templated":true}]}}