{"id":52165,"date":"2019-07-10T11:27:23","date_gmt":"2019-07-10T08:27:23","guid":{"rendered":"http:\/\/realitatearutiera.ro\/?p=52165"},"modified":"2019-07-10T11:40:12","modified_gmt":"2019-07-10T08:40:12","slug":"informatii-din-trafic-117","status":"publish","type":"post","link":"https:\/\/realitatearutiera.ro\/?p=52165","title":{"rendered":"Informa\u021bii din trafic"},"content":{"rendered":"\n<p><strong>Ora:&nbsp;<\/strong>09:55\n\n<\/p>\n\n\n\n<p><strong>Centrul INFOTRAFIC din Inspectoratul General al Poli\u0163iei Rom\u00e2ne&nbsp;<\/strong>informeaz\u0103 c\u0103 circula\u0163ia rutier\u0103 este restric\u0163ionat\u0103 ast\u0103zi, p\u00e2n\u0103 la ora 19:00, pe prima band\u0103, pe ambele sensuri, pe Autostrada A3 Turda \u2013 Gil\u0103u, \u00eentre kilometrii 1 \u015fi 23, pentru aplicarea marcajelor rutiere.<\/p>\n\n\n\n<p>Conduc\u0103torii auto sunt sf\u0103tui\u0163i s\u0103 reduc\u0103 viteza \u00een zona lucr\u0103rilor la partea carosabil\u0103.<\/p>\n\n\n\n<p><strong>Ora:&nbsp;<\/strong>11:00<\/p>\n\n\n\n<p><strong>Centrul INFOTRAFIC din Inspectoratul General al Poli\u0163iei Rom\u00e2ne\u00a0<\/strong>informeaz\u0103 c\u0103 circula\u0163ia rutier\u0103 este restric\u0163ionat\u0103 pe DN 1 pe sensul dinspre Autostrada A1 c\u0103tre Alba Iulia, \u00eentr-un sens giratoriu din apropierea municipiului Sebe\u015f, jude\u0163ul Alba, dup\u0103 ce o semiremorc\u0103 s-a desprins de la un ansamblu auto. Traficul dispre Alba Iuia este dirijat de poli\u0163i\u015fti prin interiorul localit\u0103\u0163ii Sebe\u015f.<\/p>\n\n\n\n<p><strong>Ora:&nbsp;<\/strong>11:30<\/p>\n\n\n\n<p><strong>Centrul INFOTRAFIC din Inspectoratul General al Poli\u0163iei Rom\u00e2ne&nbsp;<\/strong>informeaz\u0103 c\u0103 traficul rutier a fost reluat \u00een condi\u0163ii normale pe DN 1 Sebe\u015f \u2013 Alba Iulia, jude\u0163ul Alba, dup\u0103 punerea \u00een mi\u015fcare a ansamblului de vehicule care r\u0103m\u0103sese imobilizat \u00een interiorul unui sens giratoriu din apropierea municipiului Sebe\u015f<\/p>\n\n\n\n<p>Sursa:politiaromana<\/p>\n","protected":false},"excerpt":{"rendered":"<p>Ora:&nbsp;09:55 Centrul INFOTRAFIC din Inspectoratul General al Poli\u0163iei Rom\u00e2ne&nbsp;informeaz\u0103 c\u0103 circula\u0163ia rutier\u0103 este restric\u0163ionat\u0103 ast\u0103zi, p\u00e2n\u0103 la ora 19:00, pe<\/p>\n","protected":false},"author":1,"featured_media":52166,"comment_status":"closed","ping_status":"closed","sticky":false,"template":"","format":"standard","meta":{"spay_email":"","footnotes":"","jetpack_publicize_message":""},"categories":[54],"tags":[],"class_list":["post-52165","post","type-post","status-publish","format-standard","has-post-thumbnail","hentry","category-informatii-rutiere"],"jetpack_featured_media_url":"https:\/\/i2.wp.com\/realitatearutiera.ro\/wp-content\/uploads\/2019\/07\/autostrada_69719200.jpg?fit=400%2C224&ssl=1","jetpack_publicize_connections":[],"jetpack_sharing_enabled":true,"jetpack_shortlink":"https:\/\/wp.me\/p61naM-dzn","jetpack-related-posts":[],"_links":{"self":[{"href":"https:\/\/realitatearutiera.ro\/index.php?rest_route=\/wp\/v2\/posts\/52165","targetHints":{"allow":["GET"]}}],"collection":[{"href":"https:\/\/realitatearutiera.ro\/index.php?rest_route=\/wp\/v2\/posts"}],"about":[{"href":"https:\/\/realitatearutiera.ro\/index.php?rest_route=\/wp\/v2\/types\/post"}],"author":[{"embeddable":true,"href":"https:\/\/realitatearutiera.ro\/index.php?rest_route=\/wp\/v2\/users\/1"}],"replies":[{"embeddable":true,"href":"https:\/\/realitatearutiera.ro\/index.php?rest_route=%2Fwp%2Fv2%2Fcomments&post=52165"}],"version-history":[{"count":2,"href":"https:\/\/realitatearutiera.ro\/index.php?rest_route=\/wp\/v2\/posts\/52165\/revisions"}],"predecessor-version":[{"id":52168,"href":"https:\/\/realitatearutiera.ro\/index.php?rest_route=\/wp\/v2\/posts\/52165\/revisions\/52168"}],"wp:featuredmedia":[{"embeddable":true,"href":"https:\/\/realitatearutiera.ro\/index.php?rest_route=\/wp\/v2\/media\/52166"}],"wp:attachment":[{"href":"https:\/\/realitatearutiera.ro\/index.php?rest_route=%2Fwp%2Fv2%2Fmedia&parent=52165"}],"wp:term":[{"taxonomy":"category","embeddable":true,"href":"https:\/\/realitatearutiera.ro\/index.php?rest_route=%2Fwp%2Fv2%2Fcategories&post=52165"},{"taxonomy":"post_tag","embeddable":true,"href":"https:\/\/realitatearutiera.ro\/index.php?rest_route=%2Fwp%2Fv2%2Ftags&post=52165"}],"curies":[{"name":"wp","href":"https:\/\/api.w.org\/{rel}","templated":true}]}}