{"id":5244,"date":"2015-10-20T14:20:36","date_gmt":"2015-10-20T11:20:36","guid":{"rendered":"http:\/\/realitatearutiera.ro\/?p=5244"},"modified":"2015-10-20T14:20:36","modified_gmt":"2015-10-20T11:20:36","slug":"ministerul-transporturilor-obliga-constructorul-sa-repare-autostrada-sibiu-orastie","status":"publish","type":"post","link":"https:\/\/realitatearutiera.ro\/?p=5244","title":{"rendered":"Ministerul Transporturilor obliga constructorul sa repare autostrada Sibiu-Or\u0103\u0219tie"},"content":{"rendered":"<p><strong><span style=\"font-family: Arial; font-size: small;\">Ministerul Transporturilor a cerut companiei italiene Salini Impregilo urgentarea \u015fi definitivarea aspectelor tehnice pentru remedierea deficien\u0163elor \u015fi pentru finalizarea lucr\u0103rilor la lotul trei al autostr\u0103zii Sibiu-Or\u0103\u015ftie, \u00een cadrul c\u0103ruia o por\u0163iune de 200 metri trebuie demolat\u0103 \u015fi ref\u0103cut\u0103.<\/span><\/strong><\/p>\n<p>Totodat\u0103, av\u00e2nd \u00een vedere gravitatea problemelor \u015fi tergiversarea lu\u0103rii unei decizii hot\u0103r\u00e2toare pentru finalizarea contractului, Ministerul Transporturilor (MT) a solicitat, luni, de urgen\u0163\u0103 o \u00eent\u00e2lnire cu reprezentan\u0163ii conducerii companiei Salini Impregilo din Italia.<\/p>\n<p>Sursa: mediafax<\/p>\n","protected":false},"excerpt":{"rendered":"<p>Ministerul Transporturilor a cerut companiei italiene Salini Impregilo urgentarea \u015fi definitivarea aspectelor tehnice pentru remedierea deficien\u0163elor \u015fi pentru finalizarea lucr\u0103rilor<\/p>\n","protected":false},"author":1,"featured_media":4604,"comment_status":"open","ping_status":"open","sticky":false,"template":"","format":"standard","meta":{"spay_email":"","footnotes":"","jetpack_publicize_message":""},"categories":[11],"tags":[],"class_list":["post-5244","post","type-post","status-publish","format-standard","has-post-thumbnail","hentry","category-stiri-interne"],"jetpack_featured_media_url":"https:\/\/i1.wp.com\/realitatearutiera.ro\/wp-content\/uploads\/2015\/09\/banda-de-rezerva-a-luat-o-la-vale-465x390.jpg?fit=605%2C340&ssl=1","jetpack_publicize_connections":[],"jetpack_sharing_enabled":true,"jetpack_shortlink":"https:\/\/wp.me\/p61naM-1mA","jetpack-related-posts":[],"_links":{"self":[{"href":"https:\/\/realitatearutiera.ro\/index.php?rest_route=\/wp\/v2\/posts\/5244","targetHints":{"allow":["GET"]}}],"collection":[{"href":"https:\/\/realitatearutiera.ro\/index.php?rest_route=\/wp\/v2\/posts"}],"about":[{"href":"https:\/\/realitatearutiera.ro\/index.php?rest_route=\/wp\/v2\/types\/post"}],"author":[{"embeddable":true,"href":"https:\/\/realitatearutiera.ro\/index.php?rest_route=\/wp\/v2\/users\/1"}],"replies":[{"embeddable":true,"href":"https:\/\/realitatearutiera.ro\/index.php?rest_route=%2Fwp%2Fv2%2Fcomments&post=5244"}],"version-history":[{"count":1,"href":"https:\/\/realitatearutiera.ro\/index.php?rest_route=\/wp\/v2\/posts\/5244\/revisions"}],"predecessor-version":[{"id":5245,"href":"https:\/\/realitatearutiera.ro\/index.php?rest_route=\/wp\/v2\/posts\/5244\/revisions\/5245"}],"wp:featuredmedia":[{"embeddable":true,"href":"https:\/\/realitatearutiera.ro\/index.php?rest_route=\/wp\/v2\/media\/4604"}],"wp:attachment":[{"href":"https:\/\/realitatearutiera.ro\/index.php?rest_route=%2Fwp%2Fv2%2Fmedia&parent=5244"}],"wp:term":[{"taxonomy":"category","embeddable":true,"href":"https:\/\/realitatearutiera.ro\/index.php?rest_route=%2Fwp%2Fv2%2Fcategories&post=5244"},{"taxonomy":"post_tag","embeddable":true,"href":"https:\/\/realitatearutiera.ro\/index.php?rest_route=%2Fwp%2Fv2%2Ftags&post=5244"}],"curies":[{"name":"wp","href":"https:\/\/api.w.org\/{rel}","templated":true}]}}