{"id":53357,"date":"2019-08-16T09:28:20","date_gmt":"2019-08-16T06:28:20","guid":{"rendered":"http:\/\/realitatearutiera.ro\/?p=53357"},"modified":"2019-08-16T09:28:26","modified_gmt":"2019-08-16T06:28:26","slug":"accident-grav-cinci-raniti-dupa-ce-o-autoutilitara-si-un-autoturism-s-au-ciocnit","status":"publish","type":"post","link":"https:\/\/realitatearutiera.ro\/?p=53357","title":{"rendered":"Accident GRAV: Cinci r\u0103ni\u0163i dup\u0103 ce o autoutilitar\u0103 \u015fi un autoturism s-au ciocnit"},"content":{"rendered":"\n<p>Centrul Infotrafic din Inspectoratul General al Poli\u0163iei Rom\u00e2ne anun\u0163\u0103 c\u0103 pe DN1 Bra\u015fov \u2013 F\u0103g\u0103ra\u015f, \u00een zona localit\u0103\u0163ii Vl\u0103deni, jude\u0163ul Bra\u015fov, a avut loc o coliziune \u00eentre o autoutilitar\u0103 \u015fi un autoturism.<\/p>\n\n\n\n<p>\u00cen urma impactului, cinci persoane au fost r\u0103nite.<\/p>\n\n\n\n<p>Circula\u0163ia rutier\u0103 se desf\u0103\u015foar\u0103 \u00eengreunat, pe un fir alternativ.<\/p>\n\n\n\n<p>Sursa:mediafax<\/p>\n","protected":false},"excerpt":{"rendered":"<p>Centrul Infotrafic din Inspectoratul General al Poli\u0163iei Rom\u00e2ne anun\u0163\u0103 c\u0103 pe DN1 Bra\u015fov \u2013 F\u0103g\u0103ra\u015f, \u00een zona localit\u0103\u0163ii Vl\u0103deni, jude\u0163ul<\/p>\n","protected":false},"author":1,"featured_media":38914,"comment_status":"closed","ping_status":"closed","sticky":false,"template":"","format":"standard","meta":{"spay_email":"","footnotes":"","jetpack_publicize_message":""},"categories":[1],"tags":[],"class_list":["post-53357","post","type-post","status-publish","format-standard","has-post-thumbnail","hentry","category-uncategorized"],"jetpack_featured_media_url":"https:\/\/i2.wp.com\/realitatearutiera.ro\/wp-content\/uploads\/2018\/07\/1-accident-copil-de-11-ani-la-spital-dupa-ce-masina-in-care-se-afla-s-a-izbit-violent-intr-un-gard-1.jpg?fit=667%2C500&ssl=1","jetpack_publicize_connections":[],"jetpack_sharing_enabled":true,"jetpack_shortlink":"https:\/\/wp.me\/p61naM-dSB","jetpack-related-posts":[],"_links":{"self":[{"href":"https:\/\/realitatearutiera.ro\/index.php?rest_route=\/wp\/v2\/posts\/53357","targetHints":{"allow":["GET"]}}],"collection":[{"href":"https:\/\/realitatearutiera.ro\/index.php?rest_route=\/wp\/v2\/posts"}],"about":[{"href":"https:\/\/realitatearutiera.ro\/index.php?rest_route=\/wp\/v2\/types\/post"}],"author":[{"embeddable":true,"href":"https:\/\/realitatearutiera.ro\/index.php?rest_route=\/wp\/v2\/users\/1"}],"replies":[{"embeddable":true,"href":"https:\/\/realitatearutiera.ro\/index.php?rest_route=%2Fwp%2Fv2%2Fcomments&post=53357"}],"version-history":[{"count":1,"href":"https:\/\/realitatearutiera.ro\/index.php?rest_route=\/wp\/v2\/posts\/53357\/revisions"}],"predecessor-version":[{"id":53358,"href":"https:\/\/realitatearutiera.ro\/index.php?rest_route=\/wp\/v2\/posts\/53357\/revisions\/53358"}],"wp:featuredmedia":[{"embeddable":true,"href":"https:\/\/realitatearutiera.ro\/index.php?rest_route=\/wp\/v2\/media\/38914"}],"wp:attachment":[{"href":"https:\/\/realitatearutiera.ro\/index.php?rest_route=%2Fwp%2Fv2%2Fmedia&parent=53357"}],"wp:term":[{"taxonomy":"category","embeddable":true,"href":"https:\/\/realitatearutiera.ro\/index.php?rest_route=%2Fwp%2Fv2%2Fcategories&post=53357"},{"taxonomy":"post_tag","embeddable":true,"href":"https:\/\/realitatearutiera.ro\/index.php?rest_route=%2Fwp%2Fv2%2Ftags&post=53357"}],"curies":[{"name":"wp","href":"https:\/\/api.w.org\/{rel}","templated":true}]}}