{"id":53476,"date":"2019-08-20T11:08:20","date_gmt":"2019-08-20T08:08:20","guid":{"rendered":"http:\/\/realitatearutiera.ro\/?p=53476"},"modified":"2019-08-20T11:08:26","modified_gmt":"2019-08-20T08:08:26","slug":"clipe-de-groaza-pentru-cinci-persoane-ranite-intr-un-accident-pe-e85","status":"publish","type":"post","link":"https:\/\/realitatearutiera.ro\/?p=53476","title":{"rendered":"Clipe de GROAZ\u0102 pentru cinci persoane r\u0103nite \u00eentr-un accident pe E85"},"content":{"rendered":"\n<p> Vinovat de producerea evenimentului rutier este un \u015fofer care a intrat pe contrasens. Accidentul a avut loc la C\u0103lim\u0103ne\u015fti. <\/p>\n\n\n\n<p> Un \u015fofer \u00een v\u00e2rst\u0103 de 34 ani, din comuna V\u00e2n\u0103tori, a provocat un accident de circula\u0163ie care se putea l\u0103sa cu o tragedie. <\/p>\n\n\n\n<p>El conducea pe DN2-E85, din direc\u0163ia Adjud &#8211; Focsani, iar \u00een afara localit\u0103\u0163ii C\u0103limane\u015fti a p\u0103truns pe sensul opus de mers, intr\u00e2nd \u00een coliziune cu un autoturism condus regulamentar de un b\u0103rbat din judetul Bac\u0103u, care circula pe direc\u0163ia Foc\u015fani &#8211; Adjud. <\/p>\n\n\n\n<p>\u00cen urma accidentului au fost r\u0103ni\u0163i u\u015for patru adulti, cu v\u00e2rste cuprinse \u00eentre 31 \u015fi 56 de ani, precum \u015fi a un copil \u00een v\u00e2rst\u0103 de 2 ani. <\/p>\n\n\n\n<p>Ace\u015ftia au fost transporta\u0163i la Spitalul Jude\u0163ean de Urgen\u0163\u0103 &#8220;Sf. Pantelimon&#8221;, pentru investiga\u0163ii medicale. \u00cen cauz\u0103 a fost \u00eentocmit dosar penal.<\/p>\n\n\n\n<p>Sursa:adevarul<\/p>\n","protected":false},"excerpt":{"rendered":"<p>Vinovat de producerea evenimentului rutier este un \u015fofer care a intrat pe contrasens. Accidentul a avut loc la C\u0103lim\u0103ne\u015fti. Un<\/p>\n","protected":false},"author":1,"featured_media":53477,"comment_status":"closed","ping_status":"closed","sticky":false,"template":"","format":"standard","meta":{"spay_email":"","footnotes":"","jetpack_publicize_message":""},"categories":[1],"tags":[],"class_list":["post-53476","post","type-post","status-publish","format-standard","has-post-thumbnail","hentry","category-uncategorized"],"jetpack_featured_media_url":"https:\/\/i0.wp.com\/realitatearutiera.ro\/wp-content\/uploads\/2019\/08\/accident-suceava-3.jpg?fit=855%2C641&ssl=1","jetpack_publicize_connections":[],"jetpack_sharing_enabled":true,"jetpack_shortlink":"https:\/\/wp.me\/p61naM-dUw","jetpack-related-posts":[],"_links":{"self":[{"href":"https:\/\/realitatearutiera.ro\/index.php?rest_route=\/wp\/v2\/posts\/53476","targetHints":{"allow":["GET"]}}],"collection":[{"href":"https:\/\/realitatearutiera.ro\/index.php?rest_route=\/wp\/v2\/posts"}],"about":[{"href":"https:\/\/realitatearutiera.ro\/index.php?rest_route=\/wp\/v2\/types\/post"}],"author":[{"embeddable":true,"href":"https:\/\/realitatearutiera.ro\/index.php?rest_route=\/wp\/v2\/users\/1"}],"replies":[{"embeddable":true,"href":"https:\/\/realitatearutiera.ro\/index.php?rest_route=%2Fwp%2Fv2%2Fcomments&post=53476"}],"version-history":[{"count":1,"href":"https:\/\/realitatearutiera.ro\/index.php?rest_route=\/wp\/v2\/posts\/53476\/revisions"}],"predecessor-version":[{"id":53478,"href":"https:\/\/realitatearutiera.ro\/index.php?rest_route=\/wp\/v2\/posts\/53476\/revisions\/53478"}],"wp:featuredmedia":[{"embeddable":true,"href":"https:\/\/realitatearutiera.ro\/index.php?rest_route=\/wp\/v2\/media\/53477"}],"wp:attachment":[{"href":"https:\/\/realitatearutiera.ro\/index.php?rest_route=%2Fwp%2Fv2%2Fmedia&parent=53476"}],"wp:term":[{"taxonomy":"category","embeddable":true,"href":"https:\/\/realitatearutiera.ro\/index.php?rest_route=%2Fwp%2Fv2%2Fcategories&post=53476"},{"taxonomy":"post_tag","embeddable":true,"href":"https:\/\/realitatearutiera.ro\/index.php?rest_route=%2Fwp%2Fv2%2Ftags&post=53476"}],"curies":[{"name":"wp","href":"https:\/\/api.w.org\/{rel}","templated":true}]}}