{"id":53985,"date":"2019-09-03T08:21:10","date_gmt":"2019-09-03T05:21:10","guid":{"rendered":"http:\/\/realitatearutiera.ro\/?p=53985"},"modified":"2019-09-03T08:21:17","modified_gmt":"2019-09-03T05:21:17","slug":"o-fetita-de-cinci-ani-si-un-barbat-loviti-de-o-masina","status":"publish","type":"post","link":"https:\/\/realitatearutiera.ro\/?p=53985","title":{"rendered":"O feti\u021b\u0103 de cinci ani \u0219i un b\u0103rbat, lovi\u021bi de o ma\u0219in\u0103"},"content":{"rendered":"\n<p>\n\nO feti\u0163\u0103 de cinci ani \u015fi un b\u0103rbat au fost transporta\u0163i luni seara la Spitalul Clinic Jude\u0163ean de Urgen\u0163\u0103 din Sibiu, fiind r\u0103ni\u0163i \u00eentr-un accident rutier care a avut loc \u00een localitatea Cove\u015f, potrivit Inspectoratului pentru Situa\u0163ii de Urgen\u0163\u0103 (ISU).<\/p>\n\n\n\n<p>&#8220;ISU Sibiu a intervenit de urgen\u0163\u0103 cu un echipaj de prim ajutor medical calificat SMURD \u015fi un echipaj de pompieri \u00een localitatea Cove\u015f la un accident rutier produs \u00eentre dou\u0103 autoturisme. S-au acordat \u00eengrijiri medicale unui copil, o feti\u0163\u0103 de aproximativ cinci ani, cu traumatism cranio-cerebral \u015fi unui adult implica\u0163i \u00een accident, con\u015ftien\u0163i, ne\u00eencarcera\u0163i. Adultul \u015fi feti\u0163a au fost prelua\u0163i de un echipaj SAJ pentru a fi transporta\u0163i la UPU Sibiu&#8221;, a anun\u0163at ISU.<\/p>\n\n\n\n<p>Accidentul s-a produs pe fondul p\u0103trunderii pe contrasens. &#8220;O conduc\u0103toare auto \u00een v\u00e2rst\u0103 de 27 de ani, din Avrig, \u00eentr-o succesiune de curbe a intrat pe contrasens \u015fi apoi \u00een coliziune cu un auto condus regulamentar. Poli\u0163i\u015ftii rutieri sunt la fa\u0163a locului pentru cercet\u0103ri&#8221;, potrivit IPJ Sibiu. <\/p>\n\n\n\n<p>Sursa:antena3<\/p>\n","protected":false},"excerpt":{"rendered":"<p>O feti\u0163\u0103 de cinci ani \u015fi un b\u0103rbat au fost transporta\u0163i luni seara la Spitalul Clinic Jude\u0163ean de Urgen\u0163\u0103 din<\/p>\n","protected":false},"author":1,"featured_media":49070,"comment_status":"closed","ping_status":"closed","sticky":false,"template":"","format":"standard","meta":{"spay_email":"","footnotes":"","jetpack_publicize_message":""},"categories":[1],"tags":[],"class_list":["post-53985","post","type-post","status-publish","format-standard","has-post-thumbnail","hentry","category-uncategorized"],"jetpack_featured_media_url":"https:\/\/i1.wp.com\/realitatearutiera.ro\/wp-content\/uploads\/2019\/04\/accident-grav-pe-dn7-ramnicu-valcea-sibiu-un-sofer-si-a-pierdut-viata-589663.jpeg?fit=620%2C436&ssl=1","jetpack_publicize_connections":[],"jetpack_sharing_enabled":true,"jetpack_shortlink":"https:\/\/wp.me\/p61naM-e2J","jetpack-related-posts":[],"_links":{"self":[{"href":"https:\/\/realitatearutiera.ro\/index.php?rest_route=\/wp\/v2\/posts\/53985","targetHints":{"allow":["GET"]}}],"collection":[{"href":"https:\/\/realitatearutiera.ro\/index.php?rest_route=\/wp\/v2\/posts"}],"about":[{"href":"https:\/\/realitatearutiera.ro\/index.php?rest_route=\/wp\/v2\/types\/post"}],"author":[{"embeddable":true,"href":"https:\/\/realitatearutiera.ro\/index.php?rest_route=\/wp\/v2\/users\/1"}],"replies":[{"embeddable":true,"href":"https:\/\/realitatearutiera.ro\/index.php?rest_route=%2Fwp%2Fv2%2Fcomments&post=53985"}],"version-history":[{"count":1,"href":"https:\/\/realitatearutiera.ro\/index.php?rest_route=\/wp\/v2\/posts\/53985\/revisions"}],"predecessor-version":[{"id":53986,"href":"https:\/\/realitatearutiera.ro\/index.php?rest_route=\/wp\/v2\/posts\/53985\/revisions\/53986"}],"wp:featuredmedia":[{"embeddable":true,"href":"https:\/\/realitatearutiera.ro\/index.php?rest_route=\/wp\/v2\/media\/49070"}],"wp:attachment":[{"href":"https:\/\/realitatearutiera.ro\/index.php?rest_route=%2Fwp%2Fv2%2Fmedia&parent=53985"}],"wp:term":[{"taxonomy":"category","embeddable":true,"href":"https:\/\/realitatearutiera.ro\/index.php?rest_route=%2Fwp%2Fv2%2Fcategories&post=53985"},{"taxonomy":"post_tag","embeddable":true,"href":"https:\/\/realitatearutiera.ro\/index.php?rest_route=%2Fwp%2Fv2%2Ftags&post=53985"}],"curies":[{"name":"wp","href":"https:\/\/api.w.org\/{rel}","templated":true}]}}