{"id":53988,"date":"2019-09-03T08:33:15","date_gmt":"2019-09-03T05:33:15","guid":{"rendered":"http:\/\/realitatearutiera.ro\/?p=53988"},"modified":"2019-09-03T08:33:21","modified_gmt":"2019-09-03T05:33:21","slug":"prognoza-meteo-pentru-marti-3-septembrie-ultima-zi-cu-vreme-caniculara-din-acest-sezon","status":"publish","type":"post","link":"https:\/\/realitatearutiera.ro\/?p=53988","title":{"rendered":"Prognoza meteo pentru mar\u021bi, 3 septembrie. Ultima zi cu vreme canicular\u0103 din acest sezon"},"content":{"rendered":"\n<p><strong>Vara \u00ee\u0219i mai arat\u0103 for\u021ba pentru \u00eenc\u0103 o zi, dup\u0103 care, va \u00eencepe s\u0103 bat\u0103 \u00een retragere. Mar\u021bi vor fi diferen\u021be de peste zece grade Celsius \u00eentre extremit\u0103\u021bile de nord \u0219i de sud ale \u021b\u0103rii. Ploile vor avansa de la o regiune la alta, se arat\u0103 \u00een prognoza meteo pentru mar\u021bi, 3 septembrie.<\/strong><\/p>\n\n\n\n<p>Mar\u021bi, vremea va mai r\u0103m\u00e2ne foarte cald\u0103 doar \u00een estul, sudul \u0219i centrul \u021b\u0103rii. \u00cen rest, temperaturile vor sc\u0103dea semnificativ, iar ploile vor c\u00e2\u0219tiga teren. Averse cu desc\u0103rc\u0103ri electrice \u0219i v\u00e2nt vor fi la \u00eenceput la munte, \u00een nord \u0219i \u00een nord-est, iar peste noapte, \u00een zonele vestice, nord-vestice \u0219i centrale. Pe suprafe\u021be mici, cantit\u0103\u021bile de ap\u0103 vor trece de 20 l\/mp \u0219i poate ap\u0103rea grindina.<\/p>\n\n\n\n<h2 class=\"wp-block-heading\" id=\"highlight-1182203-1\">Prognoza meteo pentru mar\u021bi, 3 septembrie, \u00een Bucure\u0219ti<\/h2>\n\n\n\n<p>\u00cen Bucure\u0219ti, cerul va r\u0103m\u00e2ne senin p\u00e2n\u0103 spre sear\u0103, apoi se va \u00eennora treptat. Temperaturile vor urca din nou la 35, poate chiar la 36 de grade Celsius, dar presiunea aerului nu va avea varia\u021bii semnificative.<\/p>\n\n\n\n<h2 class=\"wp-block-heading\" id=\"highlight-1182203-2\">Prognoza meteo pentru mar\u021bi, 3 septembrie, la munte<\/h2>\n\n\n\n<p>La munte, vremea va deveni instabil\u0103 \u00een majoritatea masivelor. Pe alocuri, se pot str\u00e2nge cantit\u0103\u021bi de ap\u0103 de peste 30 l\/mp, a\u0219a c\u0103 pot ap\u0103rea viituri. Aversele \u0219i fenomenele electrice vor mai crea probleme \u0219i \u00een urm\u0103toarele zile.<\/p>\n\n\n\n<h2 class=\"wp-block-heading\" id=\"highlight-1182203-3\">Prognoza meteo pentru mar\u021bi, 3 septembrie, la mare<\/h2>\n\n\n\n<p>La malul m\u0103rii, vremea frumoas\u0103 \u0219i cald\u0103 va lua o scurt\u0103 pauz\u0103 la mijlocul s\u0103pt\u0103m\u00e2nii, atunci c\u00e2nd vor ap\u0103rea ploi trec\u0103toare \u0219i v\u00e2ntul va fi alert. Vineri, atmosfera perfect\u0103 pentru plaj\u0103 va reveni pe litoral.<\/p>\n\n\n\n<h2 class=\"wp-block-heading\" id=\"highlight-1182203-4\">Prognoza meteo pentru urm\u0103toarele zile<\/h2>\n\n\n\n<p>Vremea instabil\u0103 va fi prezent\u0103 \u0219i miercuri, \u00een special \u00een nordul \u0219i \u00een estul Transilvaniei, \u00een sudul Moldovei, \u00een jum\u0103tatea de nord a Olteniei \u0219i Munteniei. Acolo, ploile pot deveni consistente, vor fi tunete, fulgere \u0219i intensific\u0103ri ale v\u00e2ntului.<\/p>\n\n\n\n<p>Fenomenele vor mai afecta \u0219i joi Mun\u021bii Banatului, Carpa\u021bii Meridionali \u0219i zonele mai \u00eenalte din sudul \u021b\u0103rii, dar vineri acestea vor bate \u00een retragere. Aceea\u0219i tendin\u021b\u0103, de sc\u0103dere, o vor avea \u0219i temperaturile pe parcursul acestei s\u0103pt\u0103m\u00e2ni.<\/p>\n\n\n\n<p>sursa> digi24<\/p>\n","protected":false},"excerpt":{"rendered":"<p>Vara \u00ee\u0219i mai arat\u0103 for\u021ba pentru \u00eenc\u0103 o zi, dup\u0103 care, va \u00eencepe s\u0103 bat\u0103 \u00een retragere. Mar\u021bi vor fi<\/p>\n","protected":false},"author":1,"featured_media":51337,"comment_status":"closed","ping_status":"closed","sticky":false,"template":"","format":"standard","meta":{"spay_email":"","footnotes":"","jetpack_publicize_message":""},"categories":[11],"tags":[],"class_list":["post-53988","post","type-post","status-publish","format-standard","has-post-thumbnail","hentry","category-stiri-interne"],"jetpack_featured_media_url":"https:\/\/i0.wp.com\/realitatearutiera.ro\/wp-content\/uploads\/2019\/06\/meteo-1-465x215.jpg?fit=649%2C363&ssl=1","jetpack_publicize_connections":[],"jetpack_sharing_enabled":true,"jetpack_shortlink":"https:\/\/wp.me\/p61naM-e2M","jetpack-related-posts":[],"_links":{"self":[{"href":"https:\/\/realitatearutiera.ro\/index.php?rest_route=\/wp\/v2\/posts\/53988","targetHints":{"allow":["GET"]}}],"collection":[{"href":"https:\/\/realitatearutiera.ro\/index.php?rest_route=\/wp\/v2\/posts"}],"about":[{"href":"https:\/\/realitatearutiera.ro\/index.php?rest_route=\/wp\/v2\/types\/post"}],"author":[{"embeddable":true,"href":"https:\/\/realitatearutiera.ro\/index.php?rest_route=\/wp\/v2\/users\/1"}],"replies":[{"embeddable":true,"href":"https:\/\/realitatearutiera.ro\/index.php?rest_route=%2Fwp%2Fv2%2Fcomments&post=53988"}],"version-history":[{"count":1,"href":"https:\/\/realitatearutiera.ro\/index.php?rest_route=\/wp\/v2\/posts\/53988\/revisions"}],"predecessor-version":[{"id":53989,"href":"https:\/\/realitatearutiera.ro\/index.php?rest_route=\/wp\/v2\/posts\/53988\/revisions\/53989"}],"wp:featuredmedia":[{"embeddable":true,"href":"https:\/\/realitatearutiera.ro\/index.php?rest_route=\/wp\/v2\/media\/51337"}],"wp:attachment":[{"href":"https:\/\/realitatearutiera.ro\/index.php?rest_route=%2Fwp%2Fv2%2Fmedia&parent=53988"}],"wp:term":[{"taxonomy":"category","embeddable":true,"href":"https:\/\/realitatearutiera.ro\/index.php?rest_route=%2Fwp%2Fv2%2Fcategories&post=53988"},{"taxonomy":"post_tag","embeddable":true,"href":"https:\/\/realitatearutiera.ro\/index.php?rest_route=%2Fwp%2Fv2%2Ftags&post=53988"}],"curies":[{"name":"wp","href":"https:\/\/api.w.org\/{rel}","templated":true}]}}