{"id":54126,"date":"2019-09-05T12:19:12","date_gmt":"2019-09-05T09:19:12","guid":{"rendered":"http:\/\/realitatearutiera.ro\/?p=54126"},"modified":"2019-09-05T12:19:19","modified_gmt":"2019-09-05T09:19:19","slug":"semnificatii-istorice-pentru-ziua-de-5-septembrie-3","status":"publish","type":"post","link":"https:\/\/realitatearutiera.ro\/?p=54126","title":{"rendered":"Semnifica\u0163ii istorice pentru ziua de 5 septembrie"},"content":{"rendered":"\n<p>\u00cen 1940, a fost suspendat\u0103 Constitu\u0163ia Rom\u00e2niei din februarie 1938, iar generalul Ion Antonescu a fost \u00eenvestit cu puteri depline.<\/p>\n\n\n\n<figure class=\"wp-block-image\"><a href=\"https:\/\/www.mediafax.ro\/cultura-media\/semnificatii-istorice-pentru-ziua-de-5-septembrie-14701131\/foto\"><img decoding=\"async\" src=\"https:\/\/i0.wp.com\/storage0.dms.mpinteractiv.ro\/media\/1\/1\/1706\/14701131\/1\/ionantonescu.jpg?w=800&#038;ssl=1\" alt=\"Imaginea articolului Semnifica\u0163ii istorice pentru ziua de 5 septembrie\" data-recalc-dims=\"1\"\/><\/a><\/figure>\n\n\n\n<p>Ion Antonescu (Imagine: Wikipedia)<\/p>\n\n\n\n<p><strong>1638<\/strong>&nbsp; &#8211;&nbsp;S-a n\u0103scut &#8220;Regele Soare&#8221; al Fran\u0163ei, Ludovic al XIV-lea. (m. 1715)<\/p>\n\n\n\n<hr class=\"wp-block-separator\"\/>\n\n\n\n<p><strong>1735<\/strong>&nbsp;&#8211; S-a n\u0103scut compozitorul Johann Christian Bach, fiul lui Johann Sebastian Bach (m. 1 ianuarie 1782)<\/p>\n\n\n\n<hr class=\"wp-block-separator\"\/>\n\n\n\n<p><strong>1858<\/strong>&nbsp;&#8211; S-a n\u0103scut scriitorul Alexandru Vlahu\u0163\u0103 (proz\u0103: Rom\u00e2nia pitoreasc\u0103, Din trecutul nostru; poezie: La icoan\u0103, Lui Eminescu, Ce ferici\u0163i am fi-mpreun\u0103!, Noapte de iarn\u0103) (m.19 noiembrie 1919).<\/p>\n\n\n\n<hr class=\"wp-block-separator\"\/>\n\n\n\n<p><strong>1906<\/strong>&nbsp;&#8211; S-a n\u0103scut Dmitri Dmitrievici \u015eostakovici, compozitor rus (n. 5\/25 septembrie) (m. 9 august 1975)<\/p>\n\n\n\n<hr class=\"wp-block-separator\"\/>\n\n\n\n<p><strong>1939<\/strong>&nbsp;&#8211; Al Doilea R\u0103zboi Mondial: Statele Unite ale Americii se declar\u0103 neutre<\/p>\n\n\n\n<hr class=\"wp-block-separator\"\/>\n\n\n\n<p><strong>1946<\/strong>&nbsp; &#8211;&nbsp;S-a n\u0103scut Freddie Mercury, liderul grupului rock &#8220;Queen &#8221; (m. 24 noiembrie 1991).<\/p>\n\n\n\n<hr class=\"wp-block-separator\"\/>\n\n\n\n<p><strong>1953<\/strong>&nbsp;&#8211; A \u00eencetat din via\u0163\u0103, la Paris, dr. Constantin Levaditi, microbiolog, virusolog \u015fi imunolog, considerat unul din fondatorii virusologiei pe plan mondial. (n. 19 iulie 1874)<\/p>\n\n\n\n<hr class=\"wp-block-separator\"\/>\n\n\n\n<p><strong>1972&nbsp;&nbsp;<\/strong>&#8211; Un comando terorist atac\u0103 echipa olimpic\u0103 a Israelului la Jocurile Olimpice de la Munchen. To\u0163i membrii echipei sunt uci\u015fi.<\/p>\n\n\n\n<hr class=\"wp-block-separator\"\/>\n\n\n\n<p><strong>1993<\/strong>&nbsp;&#8211; A \u00eencetat din via\u0163\u0103 regizorul francez Claude Renoir (Filmografie: Monsieur Vincent, Cleopatra, The Spy Who Loved Me) (n. 1914)<\/p>\n\n\n\n<hr class=\"wp-block-separator\"\/>\n\n\n\n<p><strong>1995<\/strong>&nbsp;&#8211; A \u00eencetat din via\u0163\u0103 academician prof. Eduard Pamfil, \u00eentemeietorul \u015fcolii rom\u00e2ne\u015fti de psihiatrie antropologic\u0103.<\/p>\n\n\n\n<hr class=\"wp-block-separator\"\/>\n\n\n\n<p><strong>1997<\/strong>&nbsp;&#8211; A \u00eencetat din via\u0163\u0103, \u00een urma unui atac de cord, Maica Tereza (pe numele ei laic Agnes Ganxhe Bojaxiu), fost\u0103 superioar\u0103 a Congrega\u0163iei romano-catolice &#8220;Surorile carit\u0103\u0163ii&#8221;, cu sediul la Calcutta, laureat\u0103 a Premiului Nobel pentru Pace pe anul 1979, beatificat\u0103 de Papa Ioan Paul al II-lea pe 19 octombrie 2003.<\/p>\n\n\n\n<hr class=\"wp-block-separator\"\/>\n\n\n\n<p>Sursa:mediafax<\/p>\n","protected":false},"excerpt":{"rendered":"<p>\u00cen 1940, a fost suspendat\u0103 Constitu\u0163ia Rom\u00e2niei din februarie 1938, iar generalul Ion Antonescu a fost \u00eenvestit cu puteri depline.<\/p>\n","protected":false},"author":1,"featured_media":54127,"comment_status":"closed","ping_status":"closed","sticky":false,"template":"","format":"standard","meta":{"spay_email":"","footnotes":"","jetpack_publicize_message":""},"categories":[6],"tags":[],"class_list":["post-54126","post","type-post","status-publish","format-standard","has-post-thumbnail","hentry","category-social"],"jetpack_featured_media_url":"https:\/\/i0.wp.com\/realitatearutiera.ro\/wp-content\/uploads\/2019\/09\/vox-romania-pitoreasca-al-vlahuta.jpg?fit=256%2C303&ssl=1","jetpack_publicize_connections":[],"jetpack_sharing_enabled":true,"jetpack_shortlink":"https:\/\/wp.me\/p61naM-e50","jetpack-related-posts":[],"_links":{"self":[{"href":"https:\/\/realitatearutiera.ro\/index.php?rest_route=\/wp\/v2\/posts\/54126","targetHints":{"allow":["GET"]}}],"collection":[{"href":"https:\/\/realitatearutiera.ro\/index.php?rest_route=\/wp\/v2\/posts"}],"about":[{"href":"https:\/\/realitatearutiera.ro\/index.php?rest_route=\/wp\/v2\/types\/post"}],"author":[{"embeddable":true,"href":"https:\/\/realitatearutiera.ro\/index.php?rest_route=\/wp\/v2\/users\/1"}],"replies":[{"embeddable":true,"href":"https:\/\/realitatearutiera.ro\/index.php?rest_route=%2Fwp%2Fv2%2Fcomments&post=54126"}],"version-history":[{"count":1,"href":"https:\/\/realitatearutiera.ro\/index.php?rest_route=\/wp\/v2\/posts\/54126\/revisions"}],"predecessor-version":[{"id":54128,"href":"https:\/\/realitatearutiera.ro\/index.php?rest_route=\/wp\/v2\/posts\/54126\/revisions\/54128"}],"wp:featuredmedia":[{"embeddable":true,"href":"https:\/\/realitatearutiera.ro\/index.php?rest_route=\/wp\/v2\/media\/54127"}],"wp:attachment":[{"href":"https:\/\/realitatearutiera.ro\/index.php?rest_route=%2Fwp%2Fv2%2Fmedia&parent=54126"}],"wp:term":[{"taxonomy":"category","embeddable":true,"href":"https:\/\/realitatearutiera.ro\/index.php?rest_route=%2Fwp%2Fv2%2Fcategories&post=54126"},{"taxonomy":"post_tag","embeddable":true,"href":"https:\/\/realitatearutiera.ro\/index.php?rest_route=%2Fwp%2Fv2%2Ftags&post=54126"}],"curies":[{"name":"wp","href":"https:\/\/api.w.org\/{rel}","templated":true}]}}