{"id":549,"date":"2015-03-18T07:48:13","date_gmt":"2015-03-18T07:48:13","guid":{"rendered":"http:\/\/realitatearutiera.ro\/?p=549"},"modified":"2015-03-18T07:48:13","modified_gmt":"2015-03-18T07:48:13","slug":"atentie-ziua-internationala-a-povestilor-a-teatrului-pentru-copii-si-ziua-internationala-a-fericirii-toate-serbate-la-teatrul-luceafarul","status":"publish","type":"post","link":"https:\/\/realitatearutiera.ro\/?p=549","title":{"rendered":"ATENTIE ! Ziua Internationala a Povestilor, a Teatrului pentru Copii si Ziua Internationala a Fericirii toate serbate la Teatrul Luceafarul !"},"content":{"rendered":"<p><strong>Cu aceast\u0103 tripl\u0103 ocazie, Teatrul Luceaf\u0103rul va oferi publicului un program special.<\/strong><\/p>\n<p>Cu ocazia zilei de vineri, c\u00e2nd se s\u0103rb\u0103tore\u015fte Ziua Interna\u0163ional\u0103 a Teatrului pentru Copii \u015fi Tineret, dar \u015fi Ziua Interna\u0163ional\u0103 a Pove\u015ftilor \u015fi Ziua Interna\u0163ional\u0103 a Fericirii, Teatrul Luceaf\u0103rul va oferi publicului un program special.<\/p>\n<p>\u00cen cadrul proiectului \u201eLuceaf\u0103rul, centru zonal de cultur\u0103 teatral\u0103\u201c, o parte a trupei se va deplasa la Gura Humorului unde, la Casa de Cultur\u0103 din localitate, va sus\u0163ine, la orele 11 \u015fi 13, dou\u0103 reprezenta\u0163ii cu \u201eD&#8217;ale lui P\u0103cal\u0103\u201c, dup\u0103 scrierile unor autori clasici (Ion Creang\u0103, Ioan Slavici, Petre Dulfu), \u00een regia lui Constantin Brehnescu.<\/p>\n<p>La Ia\u015fi, la Luceaf\u0103rul, \u00een aceea\u015fi zi, de la ora 10, este programat\u0103 o reprezenta\u0163ie cu \u201eCapra cu trei iezi\u201c dup\u0103 Ion Creang\u0103, un spectacol al lui Ion Ciubotaru care, pe fondul pove\u015ftii, reface satul rom\u00e2nesc arhaic \u015fi specificul s\u0103u tradi\u0163ional.<\/p>\n<p>O or\u0103 mai t\u00eerziu, la sala mare, va putea fi vizionat un alt spectacol special al Teatrului \u201eLuceaf\u0103rul\u201c, \u015fi anume, \u201eO harababur\u0103\u201c dup\u0103 Ion Sava. Spectacolul nonverbal realizat de regizorul Ion Ciubotaru a fost premiat la Festivalul Mondial al Anima\u0163iei de la Praga cu Premiul pentru cea mai Original\u0103 Crea\u0163ie, iar actorul Emanuel Florentin a fost recompensat cu Premiul pentru cel mai bun actor.<\/p>\n<p>Pe 21 martie \u00eens\u0103, Teatrul mai s\u0103rb\u0103tore\u015fte ceva. \u00cen \u00eentreaga lume se celebreaz\u0103 Ziua Mondial\u0103 a Marionetei, \u015fi din acest motiv, pe 22 martie, \u00een programul zilei a fost introdus\u0103 \u201ePungu\u0163a cu doi bani\u201c dup\u0103 Ion Creang\u0103, un spectacol de curs\u0103 lung\u0103, ale c\u0103rui marionete au fost declarate cele mai frumoase la Festivalul Interna\u0163ional de la Vinni\u0163a, Ucraina.<\/p>\n<p><strong><em>\u201eDe la 11,30, O harababur\u0103, aceast\u0103 \u201epantomim\u0103 cu zgomote\u201c, cum a numit-o Ion Sava, se joac\u0103 la sala mare a Teatrului. Cum Ziua Mondial\u0103 a Teatrului pentru Copii \u015fi Tineret st\u0103, \u00een \u00eentreaga lume, sub \u00eendemnul \u201eDu un copil la teatru!\u201c, v\u0103 a\u015ftept\u0103m pe to\u0163i s\u0103-i da\u0163i curs!\u201c<\/em><\/strong>, spune Olti\u0163a C\u00eentec, directorul artistic al Teatrului Luceaf\u0103rul pentru RealitateaRutiera.<\/p>\n","protected":false},"excerpt":{"rendered":"<p>Cu aceast\u0103 tripl\u0103 ocazie, Teatrul Luceaf\u0103rul va oferi publicului un program special. Cu ocazia zilei de vineri, c\u00e2nd se s\u0103rb\u0103tore\u015fte<\/p>\n","protected":false},"author":1,"featured_media":550,"comment_status":"open","ping_status":"open","sticky":false,"template":"","format":"standard","meta":{"spay_email":"","footnotes":"","jetpack_publicize_message":""},"categories":[6,11],"tags":[],"class_list":["post-549","post","type-post","status-publish","format-standard","has-post-thumbnail","hentry","category-social","category-stiri-interne"],"jetpack_featured_media_url":"https:\/\/i2.wp.com\/realitatearutiera.ro\/wp-content\/uploads\/2015\/03\/TEATRULUCEAFARU.jpg?fit=779%2C597&ssl=1","jetpack_publicize_connections":[],"jetpack_sharing_enabled":true,"jetpack_shortlink":"https:\/\/wp.me\/p61naM-8R","jetpack-related-posts":[],"_links":{"self":[{"href":"https:\/\/realitatearutiera.ro\/index.php?rest_route=\/wp\/v2\/posts\/549","targetHints":{"allow":["GET"]}}],"collection":[{"href":"https:\/\/realitatearutiera.ro\/index.php?rest_route=\/wp\/v2\/posts"}],"about":[{"href":"https:\/\/realitatearutiera.ro\/index.php?rest_route=\/wp\/v2\/types\/post"}],"author":[{"embeddable":true,"href":"https:\/\/realitatearutiera.ro\/index.php?rest_route=\/wp\/v2\/users\/1"}],"replies":[{"embeddable":true,"href":"https:\/\/realitatearutiera.ro\/index.php?rest_route=%2Fwp%2Fv2%2Fcomments&post=549"}],"version-history":[{"count":1,"href":"https:\/\/realitatearutiera.ro\/index.php?rest_route=\/wp\/v2\/posts\/549\/revisions"}],"predecessor-version":[{"id":551,"href":"https:\/\/realitatearutiera.ro\/index.php?rest_route=\/wp\/v2\/posts\/549\/revisions\/551"}],"wp:featuredmedia":[{"embeddable":true,"href":"https:\/\/realitatearutiera.ro\/index.php?rest_route=\/wp\/v2\/media\/550"}],"wp:attachment":[{"href":"https:\/\/realitatearutiera.ro\/index.php?rest_route=%2Fwp%2Fv2%2Fmedia&parent=549"}],"wp:term":[{"taxonomy":"category","embeddable":true,"href":"https:\/\/realitatearutiera.ro\/index.php?rest_route=%2Fwp%2Fv2%2Fcategories&post=549"},{"taxonomy":"post_tag","embeddable":true,"href":"https:\/\/realitatearutiera.ro\/index.php?rest_route=%2Fwp%2Fv2%2Ftags&post=549"}],"curies":[{"name":"wp","href":"https:\/\/api.w.org\/{rel}","templated":true}]}}