{"id":55090,"date":"2019-10-01T10:39:42","date_gmt":"2019-10-01T07:39:42","guid":{"rendered":"http:\/\/realitatearutiera.ro\/?p=55090"},"modified":"2019-10-01T10:39:49","modified_gmt":"2019-10-01T07:39:49","slug":"accident-grav-in-brasov-2-morti-intre-care-un-copil-un-altul-in-stare-grava","status":"publish","type":"post","link":"https:\/\/realitatearutiera.ro\/?p=55090","title":{"rendered":"Accident grav, \u00een Bra\u0219ov: 2 mor\u021bi, \u00eentre care un copil. Un altul, \u00een stare grav\u0103"},"content":{"rendered":"\n<p>Un grav accident de circula\u0163ie a avut loc, luni seara, \u00een jude\u0163ul Bra\u015fov.<\/p>\n\n\n\n<p>Potrivit\u00a0<a rel=\"noreferrer noopener\" href=\"https:\/\/realitateadebrasov.net\/grav-accident-in-judetul-brasov-doi-copii-in-stare-critica\/\" target=\"_blank\">realitateadebrasov.net<\/a>, o feti\u021b\u0103 \u00een v\u00e2rst\u0103 de 8 ani a murit la fa\u021ba locului, iar o femeie \u00een v\u00e2rst\u0103 de 74 de ani a decedat la spital. Cel\u0103lalt copil lovit de ma\u0219in\u0103, \u00een v\u00e2rst\u0103 de 7 ani, este internat \u00een stare grav\u0103, la Terapie Intensiv\u0103.<\/p>\n\n\n\n<p>Potrivit poli\u0163i\u015ftilor, un b\u0103rbat \u00een v\u00e2rst\u0103 de 69 de ani, care conducea o autoutilitara pe DJ 112A, \u00een zona localit\u0103\u021bii bra\u0219ovene Bod, a accidentat 3 persoane (doi minori \u0219i o persoana de sex feminin). Conduc\u0103torul auto a fost testat cu aparatul etilotest, rezultatul fiind 0. Poli\u021bi\u0219tii efectueaz\u0103 cercet\u0103ri pentru a stabili cauzele \u0219i \u00eemprejur\u0103rile producerii accidentului. <\/p>\n\n\n\n<p>Sursa:realitatea<\/p>\n","protected":false},"excerpt":{"rendered":"<p>Un grav accident de circula\u0163ie a avut loc, luni seara, \u00een jude\u0163ul Bra\u015fov. Potrivit\u00a0realitateadebrasov.net, o feti\u021b\u0103 \u00een v\u00e2rst\u0103 de 8<\/p>\n","protected":false},"author":1,"featured_media":49070,"comment_status":"closed","ping_status":"closed","sticky":false,"template":"","format":"standard","meta":{"spay_email":"","footnotes":"","jetpack_publicize_message":""},"categories":[1],"tags":[],"class_list":["post-55090","post","type-post","status-publish","format-standard","has-post-thumbnail","hentry","category-uncategorized"],"jetpack_featured_media_url":"https:\/\/i1.wp.com\/realitatearutiera.ro\/wp-content\/uploads\/2019\/04\/accident-grav-pe-dn7-ramnicu-valcea-sibiu-un-sofer-si-a-pierdut-viata-589663.jpeg?fit=620%2C436&ssl=1","jetpack_publicize_connections":[],"jetpack_sharing_enabled":true,"jetpack_shortlink":"https:\/\/wp.me\/p61naM-eky","jetpack-related-posts":[],"_links":{"self":[{"href":"https:\/\/realitatearutiera.ro\/index.php?rest_route=\/wp\/v2\/posts\/55090","targetHints":{"allow":["GET"]}}],"collection":[{"href":"https:\/\/realitatearutiera.ro\/index.php?rest_route=\/wp\/v2\/posts"}],"about":[{"href":"https:\/\/realitatearutiera.ro\/index.php?rest_route=\/wp\/v2\/types\/post"}],"author":[{"embeddable":true,"href":"https:\/\/realitatearutiera.ro\/index.php?rest_route=\/wp\/v2\/users\/1"}],"replies":[{"embeddable":true,"href":"https:\/\/realitatearutiera.ro\/index.php?rest_route=%2Fwp%2Fv2%2Fcomments&post=55090"}],"version-history":[{"count":1,"href":"https:\/\/realitatearutiera.ro\/index.php?rest_route=\/wp\/v2\/posts\/55090\/revisions"}],"predecessor-version":[{"id":55091,"href":"https:\/\/realitatearutiera.ro\/index.php?rest_route=\/wp\/v2\/posts\/55090\/revisions\/55091"}],"wp:featuredmedia":[{"embeddable":true,"href":"https:\/\/realitatearutiera.ro\/index.php?rest_route=\/wp\/v2\/media\/49070"}],"wp:attachment":[{"href":"https:\/\/realitatearutiera.ro\/index.php?rest_route=%2Fwp%2Fv2%2Fmedia&parent=55090"}],"wp:term":[{"taxonomy":"category","embeddable":true,"href":"https:\/\/realitatearutiera.ro\/index.php?rest_route=%2Fwp%2Fv2%2Fcategories&post=55090"},{"taxonomy":"post_tag","embeddable":true,"href":"https:\/\/realitatearutiera.ro\/index.php?rest_route=%2Fwp%2Fv2%2Ftags&post=55090"}],"curies":[{"name":"wp","href":"https:\/\/api.w.org\/{rel}","templated":true}]}}