{"id":5545,"date":"2015-11-17T12:18:12","date_gmt":"2015-11-17T09:18:12","guid":{"rendered":"http:\/\/realitatearutiera.ro\/?p=5545"},"modified":"2015-11-17T12:18:12","modified_gmt":"2015-11-17T09:18:12","slug":"vezi-cine-a-declarat-razboi-gruparii-teroriste-isis","status":"publish","type":"post","link":"https:\/\/realitatearutiera.ro\/?p=5545","title":{"rendered":"Vezi cine a declarat RAZBOI , gruparii teroriste ISIS !!"},"content":{"rendered":"<p><strong><span style=\"font-family: Arial; font-size: small;\">Hackeri francezi din Anonymous au lansat, luni, un video online \u00een care declar\u0103 r\u0103zboi Statului Islamic, dup\u0103 atentatele teroriste de vineri seara din Paris.<\/span><\/strong><\/p>\n<p>\u00centr-un filmule\u0163 postat pe Youtube, hackerii din Anonymous declar\u0103 r\u0103zboi ISIS ca urmare a atentatelor din Paris \u015fi anun\u0163\u0103 atacuri cibernetice uria\u015fe \u00eempotriva terori\u015ftilor ISIS.<\/p>\n<p>Mesajul a fost transmis de o persoan\u0103 purt\u00e2nd o masc\u0103, care sus\u0163ine c\u0103 moartea victimelor din Paris nu poate r\u0103m\u00e2ne nepedepsit\u0103.<\/p>\n<p>&#8220;Activi\u015fti Anonymous din toat\u0103 lumea v\u0103 vor v\u00e2na. Da, pe voi, parazi\u0163ii care ucid victime nevinovate, v\u0103 vom v\u00e2na la fel cum am f\u0103cut cu cei care au comandat atacurile de la Charlie Hebdo. A\u015fa c\u0103 preg\u0103ti\u0163i-v\u0103 pentru o reac\u0163ie masiv\u0103 din partea Anonymous. Fi\u0163i con\u015ftien\u0163i de faptul c\u0103 nu vom renun\u0163a niciodat\u0103. Vom lansa cea mai mare ac\u0163iune \u00eempotriva voastr\u0103, a\u015ftepta\u0163i-v\u0103 la foarte multe atacuri cibernetice.R\u0103zboiul a fost declarat. Preg\u0103ti\u0163i-v\u0103! \u015ei \u0163ine\u0163i mine, poporul francez este mai puternic dec\u00e2t voi \u015fi va ie\u015fi din aceast\u0103 atrocitate \u015fi mai puternic&#8221;<\/p>\n<p>Sursa : Mediafax<\/p>\n","protected":false},"excerpt":{"rendered":"<p>Hackeri francezi din Anonymous au lansat, luni, un video online \u00een care declar\u0103 r\u0103zboi Statului Islamic, dup\u0103 atentatele teroriste de<\/p>\n","protected":false},"author":1,"featured_media":5546,"comment_status":"open","ping_status":"open","sticky":false,"template":"","format":"standard","meta":{"spay_email":"","footnotes":"","jetpack_publicize_message":""},"categories":[12],"tags":[],"class_list":["post-5545","post","type-post","status-publish","format-standard","has-post-thumbnail","hentry","category-stiri-internationale"],"jetpack_featured_media_url":"https:\/\/i1.wp.com\/realitatearutiera.ro\/wp-content\/uploads\/2015\/11\/razboiii.jpg?fit=450%2C300&ssl=1","jetpack_publicize_connections":[],"jetpack_sharing_enabled":true,"jetpack_shortlink":"https:\/\/wp.me\/p61naM-1rr","jetpack-related-posts":[],"_links":{"self":[{"href":"https:\/\/realitatearutiera.ro\/index.php?rest_route=\/wp\/v2\/posts\/5545","targetHints":{"allow":["GET"]}}],"collection":[{"href":"https:\/\/realitatearutiera.ro\/index.php?rest_route=\/wp\/v2\/posts"}],"about":[{"href":"https:\/\/realitatearutiera.ro\/index.php?rest_route=\/wp\/v2\/types\/post"}],"author":[{"embeddable":true,"href":"https:\/\/realitatearutiera.ro\/index.php?rest_route=\/wp\/v2\/users\/1"}],"replies":[{"embeddable":true,"href":"https:\/\/realitatearutiera.ro\/index.php?rest_route=%2Fwp%2Fv2%2Fcomments&post=5545"}],"version-history":[{"count":1,"href":"https:\/\/realitatearutiera.ro\/index.php?rest_route=\/wp\/v2\/posts\/5545\/revisions"}],"predecessor-version":[{"id":5547,"href":"https:\/\/realitatearutiera.ro\/index.php?rest_route=\/wp\/v2\/posts\/5545\/revisions\/5547"}],"wp:featuredmedia":[{"embeddable":true,"href":"https:\/\/realitatearutiera.ro\/index.php?rest_route=\/wp\/v2\/media\/5546"}],"wp:attachment":[{"href":"https:\/\/realitatearutiera.ro\/index.php?rest_route=%2Fwp%2Fv2%2Fmedia&parent=5545"}],"wp:term":[{"taxonomy":"category","embeddable":true,"href":"https:\/\/realitatearutiera.ro\/index.php?rest_route=%2Fwp%2Fv2%2Fcategories&post=5545"},{"taxonomy":"post_tag","embeddable":true,"href":"https:\/\/realitatearutiera.ro\/index.php?rest_route=%2Fwp%2Fv2%2Ftags&post=5545"}],"curies":[{"name":"wp","href":"https:\/\/api.w.org\/{rel}","templated":true}]}}