{"id":55483,"date":"2019-10-14T13:05:30","date_gmt":"2019-10-14T10:05:30","guid":{"rendered":"http:\/\/realitatearutiera.ro\/?p=55483"},"modified":"2019-10-14T13:05:37","modified_gmt":"2019-10-14T10:05:37","slug":"segment-din-dn-10-distrus-de-alunecari-redat-circulatiei-cu-trei-luni-mai-devreme","status":"publish","type":"post","link":"https:\/\/realitatearutiera.ro\/?p=55483","title":{"rendered":"Segment din DN 10 distrus de alunec\u0103ri, redat circula\u0163iei cu trei luni mai devreme"},"content":{"rendered":"\n<p> Circula\u0163ia auto a fost reluat\u0103 \u00een condi\u0163ii normale pe DN 10, la Km 86+300, unde o alunecare de teren a distrus o por\u0163iune \u00eensemnat\u0103 din carosabil, pe sensul de mers Bra\u015fov-Buz\u0103u. Lucrarea a fost terminat\u0103 cu trei luni \u00eenainte de expirarea termenului stabilit \u00een contractul de proiectare-execu\u0163ie.<\/p>\n\n\n\n<p> \u201d\u00cenc\u0103 una dintre gravele probleme de pe DN 10 Buz\u0103u-Bra\u015fov pentru care, \u00een cadrul unei \u015fedin\u0163e a Comitetului Jude\u0163ean pentru Situa\u0163ii de Urgen\u0163\u0103 Buz\u0103u, am solicitat CNAIR alocarea \u00een regim de urgen\u0163\u0103 a fondurilor necesare repara\u0163iilor a fost solu\u0163ionat\u0103 zilele acestea\u201d, a declarat Carmen Ichim, prefectul jude\u0163ului Buz\u0103u. \u00cen vara acestui an, firma care a mai efectuat \u015fi construc\u0163ia copertinei de beton din apropierea Barajului Siriu pentru protec\u0163ia Drumului Na\u0163ional 10, precum \u015fi repara\u0163iile din zona M\u0103gura finalizate \u00een prim\u0103vara lui 2019, a demarat lucr\u0103rile la Km 86+300, acestea const\u00e2nd \u00een turnarea a peste 40 de pilo\u0163i fora\u0163i din beton pentru stabilizarea versantului, realizarea de gabioane de protec\u0163ie, drenaje, \u015fan\u0163uri \u015fi refacerea canalului de subtraversare a drumului pentru preluarea \u015fi evacuarea apei pluviale. Ultima etap\u0103 a proiectului care avea ca termen de finalizare luna ianuarie a anului 2020 a vizat montarea de parape\u0163i de protec\u0163ie \u015fi realizarea de marcaje rutiere, opera\u0163iune \u00eencheiat\u0103 s\u0103pt\u0103m\u00e2na trecut\u0103.<\/p>\n\n\n\n<p>sursa: adevarul.ro<\/p>\n","protected":false},"excerpt":{"rendered":"<p>Circula\u0163ia auto a fost reluat\u0103 \u00een condi\u0163ii normale pe DN 10, la Km 86+300, unde o alunecare de teren a<\/p>\n","protected":false},"author":1,"featured_media":55484,"comment_status":"closed","ping_status":"closed","sticky":false,"template":"","format":"standard","meta":{"spay_email":"","footnotes":"","jetpack_publicize_message":""},"categories":[54],"tags":[],"class_list":["post-55483","post","type-post","status-publish","format-standard","has-post-thumbnail","hentry","category-informatii-rutiere"],"jetpack_featured_media_url":"https:\/\/i0.wp.com\/realitatearutiera.ro\/wp-content\/uploads\/2019\/10\/dn10.jpg?fit=1000%2C574&ssl=1","jetpack_publicize_connections":[],"jetpack_sharing_enabled":true,"jetpack_shortlink":"https:\/\/wp.me\/p61naM-eqT","jetpack-related-posts":[],"_links":{"self":[{"href":"https:\/\/realitatearutiera.ro\/index.php?rest_route=\/wp\/v2\/posts\/55483","targetHints":{"allow":["GET"]}}],"collection":[{"href":"https:\/\/realitatearutiera.ro\/index.php?rest_route=\/wp\/v2\/posts"}],"about":[{"href":"https:\/\/realitatearutiera.ro\/index.php?rest_route=\/wp\/v2\/types\/post"}],"author":[{"embeddable":true,"href":"https:\/\/realitatearutiera.ro\/index.php?rest_route=\/wp\/v2\/users\/1"}],"replies":[{"embeddable":true,"href":"https:\/\/realitatearutiera.ro\/index.php?rest_route=%2Fwp%2Fv2%2Fcomments&post=55483"}],"version-history":[{"count":1,"href":"https:\/\/realitatearutiera.ro\/index.php?rest_route=\/wp\/v2\/posts\/55483\/revisions"}],"predecessor-version":[{"id":55485,"href":"https:\/\/realitatearutiera.ro\/index.php?rest_route=\/wp\/v2\/posts\/55483\/revisions\/55485"}],"wp:featuredmedia":[{"embeddable":true,"href":"https:\/\/realitatearutiera.ro\/index.php?rest_route=\/wp\/v2\/media\/55484"}],"wp:attachment":[{"href":"https:\/\/realitatearutiera.ro\/index.php?rest_route=%2Fwp%2Fv2%2Fmedia&parent=55483"}],"wp:term":[{"taxonomy":"category","embeddable":true,"href":"https:\/\/realitatearutiera.ro\/index.php?rest_route=%2Fwp%2Fv2%2Fcategories&post=55483"},{"taxonomy":"post_tag","embeddable":true,"href":"https:\/\/realitatearutiera.ro\/index.php?rest_route=%2Fwp%2Fv2%2Ftags&post=55483"}],"curies":[{"name":"wp","href":"https:\/\/api.w.org\/{rel}","templated":true}]}}