{"id":55834,"date":"2019-10-23T08:27:15","date_gmt":"2019-10-23T05:27:15","guid":{"rendered":"http:\/\/realitatearutiera.ro\/?p=55834"},"modified":"2019-10-23T08:27:49","modified_gmt":"2019-10-23T05:27:49","slug":"accident-pe-dn1-un-tir-a-intrat-intr-un-cap-de-pod","status":"publish","type":"post","link":"https:\/\/realitatearutiera.ro\/?p=55834","title":{"rendered":"Accident pe DN1 &#8211; Un TIR a intrat \u00eentr-un cap de pod"},"content":{"rendered":"\n<p>Traficul este oprit, miercuri diminea\u021ba, pe DN1, Sibiu-Bra\u0219ov, \u00een zona localit\u0103\u021bii Bradu, dup\u0103 ce \u0219oferul unui TIR a intrat \u00eentr-un cap de pod.<\/p>\n\n\n\n<p>Potrivit poli\u021bi\u0219tilor, accidentul a avut loc miercuri diminea\u021ba pe DN1, la kilometrul 286, \u00een zona localit\u0103\u021bii Bradu din jude\u021bul Sibiu.<\/p>\n\n\n\n<p>\u201eCentrul Infotrafic din Inspectoratul General al Poli\u0163iei Rom\u00e2ne informeaz\u0103 c\u0103 pe DN1 Sibiu \u2013Bra\u0219ov, la kilometrul 286 (localitatea Bradu) jud. Sibiu, a avut loc un accident rutier: pe fondul neadapt\u0103rii vitezei la condi\u021biile de drum conduc\u0103torul unui autoren a pierdut controlul direc\u021biei de deplasare \u0219i s-a izbit de un cap de pod\u201d, au transmis reprezentan\u021bii Poli\u021biei Rom\u00e2ne.<\/p>\n\n\n\n<p>Conform acestora, TIR-ul a luat foc \u00een urma impactului, iar \u0219oferul a r\u0103nit u\u0219or.<\/p>\n\n\n\n<p>Circula\u021bia \u00een zon\u0103 este oprit\u0103.<\/p>\n\n\n\n<p>Video <a href=\"https:\/\/www.facebook.com\/stiripesurse.ro\/videos\/709179922896915\/?t=0\">aici<\/a><\/p>\n","protected":false},"excerpt":{"rendered":"<p>Traficul este oprit, miercuri diminea\u021ba, pe DN1, Sibiu-Bra\u0219ov, \u00een zona localit\u0103\u021bii Bradu, dup\u0103 ce \u0219oferul unui TIR a intrat \u00eentr-un<\/p>\n","protected":false},"author":1,"featured_media":55835,"comment_status":"closed","ping_status":"closed","sticky":false,"template":"","format":"standard","meta":{"spay_email":"","footnotes":"","jetpack_publicize_message":""},"categories":[1],"tags":[],"class_list":["post-55834","post","type-post","status-publish","format-standard","has-post-thumbnail","hentry","category-uncategorized"],"jetpack_featured_media_url":"https:\/\/i1.wp.com\/realitatearutiera.ro\/wp-content\/uploads\/2019\/10\/media-157180722690970800.jpeg?fit=295%2C180&ssl=1","jetpack_publicize_connections":[],"jetpack_sharing_enabled":true,"jetpack_shortlink":"https:\/\/wp.me\/p61naM-ewy","jetpack-related-posts":[],"_links":{"self":[{"href":"https:\/\/realitatearutiera.ro\/index.php?rest_route=\/wp\/v2\/posts\/55834","targetHints":{"allow":["GET"]}}],"collection":[{"href":"https:\/\/realitatearutiera.ro\/index.php?rest_route=\/wp\/v2\/posts"}],"about":[{"href":"https:\/\/realitatearutiera.ro\/index.php?rest_route=\/wp\/v2\/types\/post"}],"author":[{"embeddable":true,"href":"https:\/\/realitatearutiera.ro\/index.php?rest_route=\/wp\/v2\/users\/1"}],"replies":[{"embeddable":true,"href":"https:\/\/realitatearutiera.ro\/index.php?rest_route=%2Fwp%2Fv2%2Fcomments&post=55834"}],"version-history":[{"count":1,"href":"https:\/\/realitatearutiera.ro\/index.php?rest_route=\/wp\/v2\/posts\/55834\/revisions"}],"predecessor-version":[{"id":55836,"href":"https:\/\/realitatearutiera.ro\/index.php?rest_route=\/wp\/v2\/posts\/55834\/revisions\/55836"}],"wp:featuredmedia":[{"embeddable":true,"href":"https:\/\/realitatearutiera.ro\/index.php?rest_route=\/wp\/v2\/media\/55835"}],"wp:attachment":[{"href":"https:\/\/realitatearutiera.ro\/index.php?rest_route=%2Fwp%2Fv2%2Fmedia&parent=55834"}],"wp:term":[{"taxonomy":"category","embeddable":true,"href":"https:\/\/realitatearutiera.ro\/index.php?rest_route=%2Fwp%2Fv2%2Fcategories&post=55834"},{"taxonomy":"post_tag","embeddable":true,"href":"https:\/\/realitatearutiera.ro\/index.php?rest_route=%2Fwp%2Fv2%2Ftags&post=55834"}],"curies":[{"name":"wp","href":"https:\/\/api.w.org\/{rel}","templated":true}]}}