{"id":56205,"date":"2019-10-31T09:27:25","date_gmt":"2019-10-31T07:27:25","guid":{"rendered":"http:\/\/realitatearutiera.ro\/?p=56205"},"modified":"2019-10-31T09:27:32","modified_gmt":"2019-10-31T07:27:32","slug":"ambulanta-smurd-implicata-intr-un-accident-la-targu-mures","status":"publish","type":"post","link":"https:\/\/realitatearutiera.ro\/?p=56205","title":{"rendered":"Ambulan\u021b\u0103 SMURD, implicat\u0103 \u00eentr-un accident, la T\u00e2rgu Mure\u0219"},"content":{"rendered":"\n<p>\n\nO ambulan\u0163\u0103 SMURD de terapie intensiv\u0103, care transporta la spital o mam\u0103 \u015fi un nou-n\u0103scut, a fost lovit\u0103 de un autoturism sc\u0103pat de sub control de c\u0103tre un \u015fofer care a urcat b\u0103ut la volan, pe o strad\u0103 din T\u00e2rgu Mure\u015f.<\/p>\n\n\n\n<p>Potrivit Inspectoratului pentru Situa\u0163ii de Urgen\u0163\u0103 (ISU) &#8220;Horea&#8221; al jude\u0163ului Mure\u015f, evenimentul rutier s-a petrecut \u00een noaptea de miercuri spre joi, pe strada Voinicenilor din T\u00e2rgu Mure\u015f, \u015fi s-a soldat cu avarierea ambulan\u0163ei, nefiind \u00eenregistrate victime.<\/p>\n\n\n\n<p>&#8220;Pacienta fost preluat\u0103 de o alt\u0103 ma\u015fin\u0103 a Serviciului de Ambulan\u0163\u0103 Jude\u0163ean. Persoana care a provocat accidentul, din cel\u0103lalt autoturism, se afla sub influen\u0163a b\u0103uturilor alcoolice&#8221;, au precizat reprezentan\u0163ii ISU Mure\u015f. <\/p>\n\n\n\n<p>Sursa:antena3<\/p>\n","protected":false},"excerpt":{"rendered":"<p>O ambulan\u0163\u0103 SMURD de terapie intensiv\u0103, care transporta la spital o mam\u0103 \u015fi un nou-n\u0103scut, a fost lovit\u0103 de un<\/p>\n","protected":false},"author":1,"featured_media":56206,"comment_status":"closed","ping_status":"closed","sticky":false,"template":"","format":"standard","meta":{"spay_email":"","footnotes":"","jetpack_publicize_message":""},"categories":[1],"tags":[],"class_list":["post-56205","post","type-post","status-publish","format-standard","has-post-thumbnail","hentry","category-uncategorized"],"jetpack_featured_media_url":"https:\/\/i0.wp.com\/realitatearutiera.ro\/wp-content\/uploads\/2019\/10\/Accident-grav-cu-doua-victime-pe-DN1-Circulatia-e-oprita-a-aterizat-si-un-elicopter-SMURD.jpg?fit=240%2C272&ssl=1","jetpack_publicize_connections":[],"jetpack_sharing_enabled":true,"jetpack_shortlink":"https:\/\/wp.me\/p61naM-eCx","jetpack-related-posts":[],"_links":{"self":[{"href":"https:\/\/realitatearutiera.ro\/index.php?rest_route=\/wp\/v2\/posts\/56205","targetHints":{"allow":["GET"]}}],"collection":[{"href":"https:\/\/realitatearutiera.ro\/index.php?rest_route=\/wp\/v2\/posts"}],"about":[{"href":"https:\/\/realitatearutiera.ro\/index.php?rest_route=\/wp\/v2\/types\/post"}],"author":[{"embeddable":true,"href":"https:\/\/realitatearutiera.ro\/index.php?rest_route=\/wp\/v2\/users\/1"}],"replies":[{"embeddable":true,"href":"https:\/\/realitatearutiera.ro\/index.php?rest_route=%2Fwp%2Fv2%2Fcomments&post=56205"}],"version-history":[{"count":1,"href":"https:\/\/realitatearutiera.ro\/index.php?rest_route=\/wp\/v2\/posts\/56205\/revisions"}],"predecessor-version":[{"id":56207,"href":"https:\/\/realitatearutiera.ro\/index.php?rest_route=\/wp\/v2\/posts\/56205\/revisions\/56207"}],"wp:featuredmedia":[{"embeddable":true,"href":"https:\/\/realitatearutiera.ro\/index.php?rest_route=\/wp\/v2\/media\/56206"}],"wp:attachment":[{"href":"https:\/\/realitatearutiera.ro\/index.php?rest_route=%2Fwp%2Fv2%2Fmedia&parent=56205"}],"wp:term":[{"taxonomy":"category","embeddable":true,"href":"https:\/\/realitatearutiera.ro\/index.php?rest_route=%2Fwp%2Fv2%2Fcategories&post=56205"},{"taxonomy":"post_tag","embeddable":true,"href":"https:\/\/realitatearutiera.ro\/index.php?rest_route=%2Fwp%2Fv2%2Ftags&post=56205"}],"curies":[{"name":"wp","href":"https:\/\/api.w.org\/{rel}","templated":true}]}}