{"id":56402,"date":"2019-11-06T08:45:03","date_gmt":"2019-11-06T06:45:03","guid":{"rendered":"http:\/\/realitatearutiera.ro\/?p=56402"},"modified":"2019-11-06T08:45:11","modified_gmt":"2019-11-06T06:45:11","slug":"accident-mortal-dupa-o-depasire-neinspirata","status":"publish","type":"post","link":"https:\/\/realitatearutiera.ro\/?p=56402","title":{"rendered":"Accident mortal dup\u0103 o dep\u0103\u015fire neinspirat\u0103"},"content":{"rendered":"\n<p> B\u0103rbatul care circula pe marginea carosabilului a fost lovit \u00een plin de un \u015fofer de 21 de ani, angajat \u00een dep\u0103\u015firea unui autoturism.<\/p>\n\n\n\n<figure class=\"wp-block-image\"><img decoding=\"async\" src=\"https:\/\/i1.wp.com\/adevarul.ro\/assets\/adevarul.ro\/MRImage\/2019\/07\/15\/5d2c5d01892c0bb0c676c612\/646x404.jpg?w=800&#038;ssl=1\" alt=\"Imagini pentru Accident mortal dup\u0103 o dep\u0103\u015fire neinspirat\u0103\" data-recalc-dims=\"1\"\/><\/figure>\n\n\n\n<p> Un b\u0103rbat bat de 54 de ani din comuna S\u00eeg a decedat \u00een urma unul accident de circula\u0163ie ce a avut loc s\u00e2mb\u0103t\u0103, 2 noiembrie, la intrare \u00een localitatea s\u0103l\u0103jean\u0103 Nu\u015ffal\u0103u. Potrivit poli\u0163i\u015ftilor, tragedia s-a produs dup\u0103 ce un \u015fofer de 21 de ani, \u00een timp ce conducea autoturismul pe direc\u0163ia \u015eimleu Silvaniei-Nu\u015ffal\u0103u, a intrat \u00een dep\u0103\u015firea unui alt autoturism, \u015fi a acro\u015fat un b\u0103rbat de 54 de ani, din S\u00eeg, care se deplasa pe marginea carosabilului, pe aceea\u015fi direc\u0163ie de mers. <\/p>\n\n\n\n<p>\u00cen urma impactului, victima a suferit r\u0103ni grave \u015fi a decedat \u00een urm\u0103toarea zi, pe patul de spital. Testarea cu alcooltestul a eviden\u0163iat c\u0103 \u015foferul nu consumase alcool.<\/p>\n\n\n\n<p> Oamenii legii au deschis dosar penal pentru ucidere din culp\u0103.<\/p>\n\n\n\n<p>Sursa:adevarul<\/p>\n","protected":false},"excerpt":{"rendered":"<p>B\u0103rbatul care circula pe marginea carosabilului a fost lovit \u00een plin de un \u015fofer de 21 de ani, angajat \u00een<\/p>\n","protected":false},"author":1,"featured_media":56206,"comment_status":"closed","ping_status":"closed","sticky":false,"template":"","format":"standard","meta":{"spay_email":"","footnotes":"","jetpack_publicize_message":""},"categories":[1],"tags":[],"class_list":["post-56402","post","type-post","status-publish","format-standard","has-post-thumbnail","hentry","category-uncategorized"],"jetpack_featured_media_url":"https:\/\/i0.wp.com\/realitatearutiera.ro\/wp-content\/uploads\/2019\/10\/Accident-grav-cu-doua-victime-pe-DN1-Circulatia-e-oprita-a-aterizat-si-un-elicopter-SMURD.jpg?fit=240%2C272&ssl=1","jetpack_publicize_connections":[],"jetpack_sharing_enabled":true,"jetpack_shortlink":"https:\/\/wp.me\/p61naM-eFI","jetpack-related-posts":[],"_links":{"self":[{"href":"https:\/\/realitatearutiera.ro\/index.php?rest_route=\/wp\/v2\/posts\/56402","targetHints":{"allow":["GET"]}}],"collection":[{"href":"https:\/\/realitatearutiera.ro\/index.php?rest_route=\/wp\/v2\/posts"}],"about":[{"href":"https:\/\/realitatearutiera.ro\/index.php?rest_route=\/wp\/v2\/types\/post"}],"author":[{"embeddable":true,"href":"https:\/\/realitatearutiera.ro\/index.php?rest_route=\/wp\/v2\/users\/1"}],"replies":[{"embeddable":true,"href":"https:\/\/realitatearutiera.ro\/index.php?rest_route=%2Fwp%2Fv2%2Fcomments&post=56402"}],"version-history":[{"count":1,"href":"https:\/\/realitatearutiera.ro\/index.php?rest_route=\/wp\/v2\/posts\/56402\/revisions"}],"predecessor-version":[{"id":56403,"href":"https:\/\/realitatearutiera.ro\/index.php?rest_route=\/wp\/v2\/posts\/56402\/revisions\/56403"}],"wp:featuredmedia":[{"embeddable":true,"href":"https:\/\/realitatearutiera.ro\/index.php?rest_route=\/wp\/v2\/media\/56206"}],"wp:attachment":[{"href":"https:\/\/realitatearutiera.ro\/index.php?rest_route=%2Fwp%2Fv2%2Fmedia&parent=56402"}],"wp:term":[{"taxonomy":"category","embeddable":true,"href":"https:\/\/realitatearutiera.ro\/index.php?rest_route=%2Fwp%2Fv2%2Fcategories&post=56402"},{"taxonomy":"post_tag","embeddable":true,"href":"https:\/\/realitatearutiera.ro\/index.php?rest_route=%2Fwp%2Fv2%2Ftags&post=56402"}],"curies":[{"name":"wp","href":"https:\/\/api.w.org\/{rel}","templated":true}]}}