{"id":56654,"date":"2019-11-13T11:09:39","date_gmt":"2019-11-13T09:09:39","guid":{"rendered":"http:\/\/realitatearutiera.ro\/?p=56654"},"modified":"2019-11-13T11:09:44","modified_gmt":"2019-11-13T09:09:44","slug":"o-furtuna-a-facut-prapad-in-vestul-tarii-acoperisuri-luate-de-vant-masini-avariate-si-un-drum-blocat","status":"publish","type":"post","link":"https:\/\/realitatearutiera.ro\/?p=56654","title":{"rendered":"O furtun\u0103 a f\u0103cut pr\u0103p\u0103d \u00een vestul \u021b\u0103rii: acoperi\u015furi luate de v\u00e2nt, ma\u015fini avariate \u0219i un drum blocat"},"content":{"rendered":"\n<p>\n\n\u015eapte blocuri au r\u0103mas f\u0103r\u0103 acoperi\u015furi \u015fi cinci autoturisme au fost avariate, din cauza v\u00e2ntului puternic care a suflat \u00een noaptea de mar\u0163i spre miercuri, \u00een municipiul Hunedoara, a informat Inspectoratul pentru Situa\u0163ii de Urgen\u0163\u0103 (ISU).<\/p>\n\n\n\n<p>De asemenea, din cauza copacilor dobor\u00e2\u0163i de v\u00e2nt, drumul care face leg\u0103tura \u00eentre localit\u0103\u0163ile Pe\u015fti\u015f \u015fi Alma\u015f a fost blocat, pompierii militari reu\u015find s\u0103 restabileasc\u0103 circula\u0163ia miercuri diminea\u0163a.<\/p>\n\n\n\n<p>Buc\u0103\u0163i de tabl\u0103 au fost luate de v\u00e2nt \u015fi purtate p\u00e2n\u0103 \u00een zona spa\u0163iilor verzi, blocurile r\u0103m\u00e2n\u00e2nd f\u0103r\u0103 o parte din acoperi\u015furi.<\/p>\n\n\n\n<p>\u00cen dou\u0103 zone ale municipiului Hunedoara, resturile de acoperi\u015furi \u015fi ramurile de copaci rupte v\u00e2nt s-au pr\u0103bu\u015fit peste ma\u015fini, fiind avariate c\u00e2te trei, respectiv, dou\u0103 autoturisme.<\/p>\n\n\n\n<p>Pompierii militari din Hunedoara \u015fi Deva au intervenit pe timpul nop\u0163ii \u015fi ac\u0163ioneaz\u0103 miercuri pentru \u00eendep\u0103rtarea efectelor v\u00e2ntului puternic, \u00eenl\u0103tur\u00e2nd crengile rupte \u015fi buc\u0103\u0163ile de tabl\u0103. La fa\u0163a locului au fost deplasate dou\u0103 autospeciale de capacitate medie \u015fi una folosit\u0103 la descarcerarea grea pentru a ajuta la degajarea resturile duse de v\u00e2nt.<\/p>\n\n\n\n<p>Jude\u0163ul Hunedoara se afl\u0103 sub avertizare Cod portocaliu de v\u00e2nt puternic, cu vitez\u0103 la rafal\u0103 de 120-140 km\/h \u00een zona de munte, la peste 1.800 de metri altitudine, p\u00e2n\u0103 la ora 12,00.&nbsp;\n\n<\/p>\n","protected":false},"excerpt":{"rendered":"<p>\u015eapte blocuri au r\u0103mas f\u0103r\u0103 acoperi\u015furi \u015fi cinci autoturisme au fost avariate, din cauza v\u00e2ntului puternic care a suflat \u00een<\/p>\n","protected":false},"author":1,"featured_media":50526,"comment_status":"closed","ping_status":"closed","sticky":false,"template":"","format":"standard","meta":{"spay_email":"","footnotes":"","jetpack_publicize_message":""},"categories":[1],"tags":[],"class_list":["post-56654","post","type-post","status-publish","format-standard","has-post-thumbnail","hentry","category-uncategorized"],"jetpack_featured_media_url":"https:\/\/i2.wp.com\/realitatearutiera.ro\/wp-content\/uploads\/2019\/05\/furtuna.jpg?fit=780%2C440&ssl=1","jetpack_publicize_connections":[],"jetpack_sharing_enabled":true,"jetpack_shortlink":"https:\/\/wp.me\/p61naM-eJM","jetpack-related-posts":[],"_links":{"self":[{"href":"https:\/\/realitatearutiera.ro\/index.php?rest_route=\/wp\/v2\/posts\/56654","targetHints":{"allow":["GET"]}}],"collection":[{"href":"https:\/\/realitatearutiera.ro\/index.php?rest_route=\/wp\/v2\/posts"}],"about":[{"href":"https:\/\/realitatearutiera.ro\/index.php?rest_route=\/wp\/v2\/types\/post"}],"author":[{"embeddable":true,"href":"https:\/\/realitatearutiera.ro\/index.php?rest_route=\/wp\/v2\/users\/1"}],"replies":[{"embeddable":true,"href":"https:\/\/realitatearutiera.ro\/index.php?rest_route=%2Fwp%2Fv2%2Fcomments&post=56654"}],"version-history":[{"count":1,"href":"https:\/\/realitatearutiera.ro\/index.php?rest_route=\/wp\/v2\/posts\/56654\/revisions"}],"predecessor-version":[{"id":56655,"href":"https:\/\/realitatearutiera.ro\/index.php?rest_route=\/wp\/v2\/posts\/56654\/revisions\/56655"}],"wp:featuredmedia":[{"embeddable":true,"href":"https:\/\/realitatearutiera.ro\/index.php?rest_route=\/wp\/v2\/media\/50526"}],"wp:attachment":[{"href":"https:\/\/realitatearutiera.ro\/index.php?rest_route=%2Fwp%2Fv2%2Fmedia&parent=56654"}],"wp:term":[{"taxonomy":"category","embeddable":true,"href":"https:\/\/realitatearutiera.ro\/index.php?rest_route=%2Fwp%2Fv2%2Fcategories&post=56654"},{"taxonomy":"post_tag","embeddable":true,"href":"https:\/\/realitatearutiera.ro\/index.php?rest_route=%2Fwp%2Fv2%2Ftags&post=56654"}],"curies":[{"name":"wp","href":"https:\/\/api.w.org\/{rel}","templated":true}]}}