{"id":56946,"date":"2019-11-20T12:45:21","date_gmt":"2019-11-20T10:45:21","guid":{"rendered":"http:\/\/realitatearutiera.ro\/?p=56946"},"modified":"2019-11-20T12:45:27","modified_gmt":"2019-11-20T10:45:27","slug":"ziua-internationala-a-drepturilor-copilului","status":"publish","type":"post","link":"https:\/\/realitatearutiera.ro\/?p=56946","title":{"rendered":"Ziua Interna\u0163ional\u0103 a Drepturilor Copilului"},"content":{"rendered":"\n<p>Astazi este Ziua Interna\u0163ional\u0103 a Drepturilor Copilului. Conventia ONU a fost semnat\u0103 pe 20 noiembrie 1989.<\/p>\n\n\n\n<figure class=\"wp-block-image\"><img decoding=\"async\" src=\"https:\/\/i2.wp.com\/www.bucurestifm.ro\/wp-content\/uploads\/sites\/2\/2016\/11\/Ziua-Internationala-a-Drepturilor-Copilului-640x497.jpg?resize=640%2C497\" alt=\"\" data-recalc-dims=\"1\"\/><\/figure>\n\n\n\n<p>\u00cen 1959 UNICEF a emis Declara\u021bia Drepturilor Copilului. \u00cen 1989 aceasta a devenit Conven\u021bia asupra Drepturilor Copilului. Mai mult de 180 de \u0163\u0103ri ONU au adoptat, astfel, 20 noiembrie ca zi de s\u0103rb\u0103toare.<\/p>\n\n\n\n<p>Ziua Interna\u0163ional\u0103 are rolul de a atrage aten\u0163ia asupra milioanelor de copii care nu merg la \u0219coal\u0103, nu sunt proteja\u021bi \u0219i nu mai pot locui \u00een \u0163ara sau \u00een ora\u015ful lor, dar \u0219i de a aduna fonduri pentru ace\u0219tia.<\/p>\n\n\n\n<p>Conform prevederilor Conven\u0163iei, copilul trebuie tratat cu respect. De asemenea, statul este obligat s\u0103 \u00eei asigure cele mai bune condi\u021bii de dezvoltare, s\u0103 respecte drepturile copilului \u0219i normele de protec\u021bie a acestuia.<\/p>\n\n\n\n<p>Drepturile copilului con\u0163inute \u00een Conven\u0163ie trebuie s\u0103 fie aplicate tuturor f\u0103r\u0103 discriminare. Fiecare copil are dreptul la via\u0163\u0103, la educa\u0163ie \u015fi la o dezvoltare armonioas\u0103.<\/p>\n\n\n\n<p>Ziua Interna\u021bional\u0103 a Drepturilor Copilului este o zi distractiv\u0103, dar cu un mesaj serios.<\/p>\n\n\n\n<h2 class=\"wp-block-heading\">Cum v\u0103 pute\u021bi implica de Ziua Interna\u021bional\u0103 a Drepturilor Copilului<\/h2>\n\n\n\n<p><strong>Copiii preiau puterea<\/strong><\/p>\n\n\n\n<p>Evenimentele \u00een care copiii preiau conducerea (#Kidstakeover) nu sunt doar o distrac\u021bie. Copiii au astfel \u0219ansa de a-\u0219i exercita dreptul la consultare \u0219i la participare \u00eentr-un mod distractiv. Vor putea \u00een\u021belege mai bine cum se iau deciziile \u0219i \u00ee\u0219i vor putea exprima liber opiniile cu privire la ceea ce \u00eei preocup\u0103. Cel mai important, copiii ar trebui s\u0103 fie implica\u021bi pe parcursul \u00eentregului proces, de la planificarea acestui eveniment la realizarea sa. Mai jos pute\u021bi g\u0103si un exemplu despre cum ar arat\u0103 un astfel de eveniment.<\/p>\n\n\n\n<p>Face\u021bi Kids take over acas\u0103. \u00centreba\u021bi-l pe copilul dumneavoastr\u0103 ce crede c\u0103 este mai bine pentru cas\u0103, pentru gospod\u0103rie.<\/p>\n\n\n\n<p>\u201eDe Ziua Mondial\u0103 a Drepturilor Copilului, copiii mei scriu regulile casei\u201d.<\/p>\n\n\n\n<p>Care sunt regulile casei dup\u0103 p\u0103rerea copilului t\u0103u?<\/p>\n\n\n\n<figure class=\"wp-block-image\"><img decoding=\"async\" src=\"https:\/\/i1.wp.com\/www.unicef.org\/romania\/sites\/unicef.org.romania\/files\/styles\/crop_thumbnail\/public\/UN0220810.jpg?w=800&#038;ssl=1\" alt=\"Mongolian kids take over\" data-recalc-dims=\"1\"\/><\/figure>\n\n\n\n<p><strong>Cea mai mare lec\u021bie din lume<\/strong><\/p>\n\n\n\n<p>Anul acesta, aniversarea a 30 de ani de la adoptarea Conven\u021biei cu Privire la Drepturile Copilului este tema Celei Mai Mari lec\u021bii din lume.<\/p>\n\n\n\n<p>Planul de lec\u021bie realizat explic\u0103 leg\u0103tura dintre drepturile copilului \u0219i Obiectivele de Dezvoltare Durabil\u0103 \u0219i sugereaz\u0103 activit\u0103\u021bi care pot fi implementate la nivelul \u0219colilor pentru a s\u0103rb\u0103tori Ziua Interna\u021bional\u0103 a Drepturilor Copilului.<\/p>\n\n\n\n<p>Lec\u021bia se adreseaz\u0103 \u00een special copiilor cu v\u00e2rste \u00eentre 8-14 ani \u0219i poate fi folosit\u0103 at\u00e2t \u00een \u200b\u200bmediul \u0219colar, c\u00e2t \u0219i \u00een afara \u0219colii, \u00een cluburile pentru adolescen\u021bi \u0219i tineri. \u00cen plus, a fost elaborat un ghid al profesorilor cu privire la modul de a preda drepturile.<\/p>\n\n\n\n<p>Activit\u0103\u021bile ofer\u0103 copiilor \u0219i tinerilor ocazia de a contribui la schimb\u0103ri pozitive \u00een \u0219colile, comunit\u0103\u021bile \u0219i \u00een \u021b\u0103rile lor prin participare \u0219i implicare.<\/p>\n\n\n\n<figure class=\"wp-block-image\"><img decoding=\"async\" src=\"https:\/\/i0.wp.com\/www.unicef.org\/romania\/sites\/unicef.org.romania\/files\/styles\/crop_thumbnail\/public\/UN0297823.jpg?w=800&#038;ssl=1\" alt=\"Kids in school Jordan 2019\" data-recalc-dims=\"1\"\/><\/figure>\n\n\n\n<p><strong>Activ\u0103ri ale mediului de afaceri<\/strong><\/p>\n\n\n\n<p>Mediul de afaceri se poate al\u0103tura acestei s\u0103rb\u0103tori, fiind&nbsp;o \u0219ans\u0103 bun\u0103 de a reflecta asupra semnifica\u021biei Conven\u021biei&nbsp;cu privire la Drepturile Copilului pentru lumea afacerilor. Ziua Interna\u021bional\u0103 a Drepturilor Copilului este o oportunitate pentru companii \u0219i angaja\u021bi s\u0103 ia m\u0103suri pentru copii \u0219i \u00eempreun\u0103 cu ace\u0219tia \u0219i s\u0103 le \u00eemp\u0103rt\u0103\u0219easc\u0103 online \u0219i altora. Iat\u0103 c\u00e2teva idei despre cum pute\u021bi s\u0103rb\u0103tori:<\/p>\n\n\n\n<p>Sugera\u021bi-le angaja\u021bilor s\u0103 poarte albastru pe 20 noiembrie, colora\u021bi-v\u0103 logo-ul \u00een albastru pe platformele digitale.<\/p>\n\n\n\n<p>Ruga\u021bi-v\u0103 angaja\u021bii s\u0103 distribuie post\u0103ri cu privire la acest subiect sau s\u0103 utilizeze rama dedicat\u0103 Zilei Interna\u021bionale a Drepturilor Copilului pe Facebook.<\/p>\n\n\n\n<p>Promova\u021bi campaniile de responsabilitate social\u0103 pe care le derula\u021bi pentru copii.<\/p>\n\n\n\n<figure class=\"wp-block-image\"><img decoding=\"async\" src=\"https:\/\/i1.wp.com\/www.unicef.org\/romania\/sites\/unicef.org.romania\/files\/styles\/crop_thumbnail\/public\/UN0154655_bluewashed.jpg?w=800&#038;ssl=1\" alt=\"WCD business activation\" data-recalc-dims=\"1\"\/><\/figure>\n\n\n\n<p>Sursa:unicef\/bucurestifm<\/p>\n","protected":false},"excerpt":{"rendered":"<p>Astazi este Ziua Interna\u0163ional\u0103 a Drepturilor Copilului. Conventia ONU a fost semnat\u0103 pe 20 noiembrie 1989. \u00cen 1959 UNICEF a<\/p>\n","protected":false},"author":1,"featured_media":56947,"comment_status":"closed","ping_status":"closed","sticky":false,"template":"","format":"standard","meta":{"spay_email":"","footnotes":"","jetpack_publicize_message":""},"categories":[6],"tags":[],"class_list":["post-56946","post","type-post","status-publish","format-standard","has-post-thumbnail","hentry","category-social"],"jetpack_featured_media_url":"https:\/\/i2.wp.com\/realitatearutiera.ro\/wp-content\/uploads\/2019\/11\/103521.jpg?fit=300%2C300&ssl=1","jetpack_publicize_connections":[],"jetpack_sharing_enabled":true,"jetpack_shortlink":"https:\/\/wp.me\/p61naM-eOu","jetpack-related-posts":[],"_links":{"self":[{"href":"https:\/\/realitatearutiera.ro\/index.php?rest_route=\/wp\/v2\/posts\/56946","targetHints":{"allow":["GET"]}}],"collection":[{"href":"https:\/\/realitatearutiera.ro\/index.php?rest_route=\/wp\/v2\/posts"}],"about":[{"href":"https:\/\/realitatearutiera.ro\/index.php?rest_route=\/wp\/v2\/types\/post"}],"author":[{"embeddable":true,"href":"https:\/\/realitatearutiera.ro\/index.php?rest_route=\/wp\/v2\/users\/1"}],"replies":[{"embeddable":true,"href":"https:\/\/realitatearutiera.ro\/index.php?rest_route=%2Fwp%2Fv2%2Fcomments&post=56946"}],"version-history":[{"count":1,"href":"https:\/\/realitatearutiera.ro\/index.php?rest_route=\/wp\/v2\/posts\/56946\/revisions"}],"predecessor-version":[{"id":56948,"href":"https:\/\/realitatearutiera.ro\/index.php?rest_route=\/wp\/v2\/posts\/56946\/revisions\/56948"}],"wp:featuredmedia":[{"embeddable":true,"href":"https:\/\/realitatearutiera.ro\/index.php?rest_route=\/wp\/v2\/media\/56947"}],"wp:attachment":[{"href":"https:\/\/realitatearutiera.ro\/index.php?rest_route=%2Fwp%2Fv2%2Fmedia&parent=56946"}],"wp:term":[{"taxonomy":"category","embeddable":true,"href":"https:\/\/realitatearutiera.ro\/index.php?rest_route=%2Fwp%2Fv2%2Fcategories&post=56946"},{"taxonomy":"post_tag","embeddable":true,"href":"https:\/\/realitatearutiera.ro\/index.php?rest_route=%2Fwp%2Fv2%2Ftags&post=56946"}],"curies":[{"name":"wp","href":"https:\/\/api.w.org\/{rel}","templated":true}]}}