{"id":57169,"date":"2019-11-26T13:42:30","date_gmt":"2019-11-26T11:42:30","guid":{"rendered":"http:\/\/realitatearutiera.ro\/?p=57169"},"modified":"2019-11-26T13:42:37","modified_gmt":"2019-11-26T11:42:37","slug":"stiri-din-trafic-3","status":"publish","type":"post","link":"https:\/\/realitatearutiera.ro\/?p=57169","title":{"rendered":"\u0218tiri din trafic"},"content":{"rendered":"\n<p><strong>Centrul INFOTRAFIC din Inspectoratul General al Poli\u0163iei Rom\u00e2ne&nbsp;<\/strong>informeaz\u0103 c\u0103 ast\u0103zi, p\u00e2n\u0103 la ora 17:00, pe tronsonul kilometric 200 &#8211; 202 al DN7 Bucure\u0219ti &#8211; Sibiu, \u00een afara localit\u0103\u021bii C\u0103lim\u0103ne\u0219ti, jude\u021bul V\u00e2lcea, se efectueaz\u0103 lucr\u0103ri de cur\u0103\u021bare a p\u0103r\u021bii carosabile. Circula\u021bia se desf\u0103\u0219oar\u0103 alternativ, cu ajutorul pilo\u021bilor de trafic.<\/p>\n\n\n\n<p>De asemenea, ast\u0103zi, \u00een intervalul orar 11:00 \u2013 17:00, se vor efectua lucr\u0103ri de asfaltare a suprafe\u021bei carosabile pe ambele sensuri ale DN65 Craiova \u2013 Pite\u0219ti, \u00eentre kilometrii 82+250 de metri \u0219i 82+450 de metri, pe raza comunei Opta\u0219i, jude\u021bul Olt. Circula\u021bia se desf\u0103\u0219oar\u0103 alternativ, cu ajutorul pilo\u021bilor de trafic.<\/p>\n\n\n\n<p><strong><em>Conduc\u0103torii auto sunt sf\u0103tui\u0163i s\u0103 reduc\u0103 viteza \u00een zona lucr\u0103rilor \u015fi s\u0103 semnalizeze orice inten\u0163ie de schimbare a benzii de circula\u0163ie.<\/em><\/strong><\/p>\n\n\n\n<h3 class=\"wp-block-heading\">JUDE\u0162UL CLUJ: TRAFIC \u00ceNGREUNAT PE DN1C<\/h3>\n\n\n\n<p><strong>Data:&nbsp;<\/strong>26 Noiembrie 2019<\/p>\n\n\n\n<p><strong>Ora:&nbsp;<\/strong>13:25<\/p>\n\n\n\n<p><strong>Centrul INFOTRAFIC din Inspectoratul General al Poli\u0163iei Rom\u00e2ne&nbsp;<\/strong>informeaz\u0103 c\u0103 circula\u021bia rutier\u0103 se desf\u0103\u0219oar\u0103 dirijat, pe un fir alternativ, pe DN 1C Cluj-Napoca &#8211; Dej, la intrarea \u00een municipiul Cluj-Napoca, jude\u021bul Cluj, dup\u0103 ce a avut loc un accident rutier \u00een care au fost implicate trei autoturisme, eveniment produs pe fondul nep\u0103str\u0103rii distan\u021bei regulamentare \u00een mers. \u00cen urma impactului, trei persoane au fost r\u0103nite, fiindu-le acordate \u00eengrijiri medicale la fa\u021ba locului.<\/p>\n\n\n\n<p>Se estimeaz\u0103 ca traficul s\u0103 fie reluat, \u00een condi\u021bii normale, \u00een 30 minute.<\/p>\n\n\n\n<p>Sursa:politiaromana<\/p>\n","protected":false},"excerpt":{"rendered":"<p>Centrul INFOTRAFIC din Inspectoratul General al Poli\u0163iei Rom\u00e2ne&nbsp;informeaz\u0103 c\u0103 ast\u0103zi, p\u00e2n\u0103 la ora 17:00, pe tronsonul kilometric 200 &#8211; 202<\/p>\n","protected":false},"author":1,"featured_media":50905,"comment_status":"closed","ping_status":"closed","sticky":false,"template":"","format":"standard","meta":{"spay_email":"","footnotes":"","jetpack_publicize_message":""},"categories":[54],"tags":[],"class_list":["post-57169","post","type-post","status-publish","format-standard","has-post-thumbnail","hentry","category-informatii-rutiere"],"jetpack_featured_media_url":"https:\/\/i0.wp.com\/realitatearutiera.ro\/wp-content\/uploads\/2019\/06\/infotrafic1-465x390.jpg?fit=605%2C388&ssl=1","jetpack_publicize_connections":[],"jetpack_sharing_enabled":true,"jetpack_shortlink":"https:\/\/wp.me\/p61naM-eS5","jetpack-related-posts":[],"_links":{"self":[{"href":"https:\/\/realitatearutiera.ro\/index.php?rest_route=\/wp\/v2\/posts\/57169","targetHints":{"allow":["GET"]}}],"collection":[{"href":"https:\/\/realitatearutiera.ro\/index.php?rest_route=\/wp\/v2\/posts"}],"about":[{"href":"https:\/\/realitatearutiera.ro\/index.php?rest_route=\/wp\/v2\/types\/post"}],"author":[{"embeddable":true,"href":"https:\/\/realitatearutiera.ro\/index.php?rest_route=\/wp\/v2\/users\/1"}],"replies":[{"embeddable":true,"href":"https:\/\/realitatearutiera.ro\/index.php?rest_route=%2Fwp%2Fv2%2Fcomments&post=57169"}],"version-history":[{"count":1,"href":"https:\/\/realitatearutiera.ro\/index.php?rest_route=\/wp\/v2\/posts\/57169\/revisions"}],"predecessor-version":[{"id":57170,"href":"https:\/\/realitatearutiera.ro\/index.php?rest_route=\/wp\/v2\/posts\/57169\/revisions\/57170"}],"wp:featuredmedia":[{"embeddable":true,"href":"https:\/\/realitatearutiera.ro\/index.php?rest_route=\/wp\/v2\/media\/50905"}],"wp:attachment":[{"href":"https:\/\/realitatearutiera.ro\/index.php?rest_route=%2Fwp%2Fv2%2Fmedia&parent=57169"}],"wp:term":[{"taxonomy":"category","embeddable":true,"href":"https:\/\/realitatearutiera.ro\/index.php?rest_route=%2Fwp%2Fv2%2Fcategories&post=57169"},{"taxonomy":"post_tag","embeddable":true,"href":"https:\/\/realitatearutiera.ro\/index.php?rest_route=%2Fwp%2Fv2%2Ftags&post=57169"}],"curies":[{"name":"wp","href":"https:\/\/api.w.org\/{rel}","templated":true}]}}