{"id":57553,"date":"2019-12-06T08:10:12","date_gmt":"2019-12-06T06:10:12","guid":{"rendered":"http:\/\/realitatearutiera.ro\/?p=57553"},"modified":"2019-12-06T08:10:18","modified_gmt":"2019-12-06T06:10:18","slug":"stiri-din-trafic-5","status":"publish","type":"post","link":"https:\/\/realitatearutiera.ro\/?p=57553","title":{"rendered":"\u0218tiri din trafic"},"content":{"rendered":"\n<p><strong>SITUA\u0162IA TRAFICULUI LA ORA 07:15<\/strong><\/p>\n\n\n\n<p><strong>Ora:&nbsp;<\/strong>07:15<\/p>\n\n\n\n<p><strong>Centrul INFOTRAFIC din Inspectoratul General al Poli\u021biei Rom\u00e2ne&nbsp;<\/strong>informeaz\u0103 c\u0103 la aceast\u0103 or\u0103 nu sunt anun\u021bate drumuri na\u021bionale sau autostr\u0103zi cu circula\u021bia \u00eentrerupt\u0103 din cauza vremii nefavorabile sau a vreunui eveniment rutier.<\/p>\n\n\n\n<p>\u00cen ceea ce prive\u0219te fluen\u021ba traficului, semnal\u0103m c\u0103 pe DN19 (E671), la kilometrul 7+100 de metri, la intrarea \u00een municipiul Oradea dinspre Satu Mare (jude\u021bul Bihor), un tir a r\u0103mas imobilizat \u2013 din motive tehnice \u2013 pe carosabil. Din acest motiv, circula\u021bia rutier\u0103 se desf\u0103\u0219oar\u0103 \u00eengreunat.<\/p>\n\n\n\n<p>Inform\u0103m, de asemenea, c\u0103 pe mai pe multe drumuri importante din jude\u021bele Bac\u0103u, Vrancea, Cluj, Bihor, Harghita, Arad, Timi\u0219, Olt, Dolj, Cara\u0219-Severin \u0219i Mehedin\u021bi traficul se desf\u0103\u0219oar\u0103 \u00een condi\u021bii de cea\u021b\u0103.<\/p>\n\n\n\n<p>Av\u00e2nd \u00een vedere acest lucru, recomand\u0103m conduc\u0103torilor auto s\u0103 adapteze viteza de deplasare la condi\u021biile de drum, s\u0103 utilizeze \u00een mod corespunz\u0103tor sistemul de iluminare al vehiculului, s\u0103 m\u0103reasc\u0103 distan\u021ba de siguran\u021b\u0103 \u00eentre ma\u0219ini \u0219i s\u0103 nu efectueze manevre periculoase.<\/p>\n\n\n\n<p>Amintim, de asemenea, c\u0103 pentru deplasarea pe drumuri acoperite cu z\u0103pad\u0103, ghea\u021b\u0103 sau polei este obligatorie echiparea autovehiculelor cu anvelope de iarn\u0103.<\/p>\n\n\n\n<h3 class=\"wp-block-heading\">JUDE\u021aUL TIMI\u0218: CIRCULA\u021aIA PE AUTOSTRADA A1 ESTE OPRIT\u0102, DIN CAUZA UNUI ACCIDENT RUTIER<\/h3>\n\n\n\n<p><strong>Data:&nbsp;<\/strong>06 Decembrie 2019<\/p>\n\n\n\n<p><strong>Ora:&nbsp;<\/strong>07:50<\/p>\n\n\n\n<p><strong>Centrul INFOTRAFIC din Inspectoratul General al Poli\u021biei Rom\u00e2ne\u00a0<\/strong>informeaz\u0103 c\u0103 pe sensul c\u0103tre Timi\u0219oara al autostr\u0103zii A1 Arad\u00a0 &#8211; Timi\u0219oara, la kilometrul 510, \u00een zona localit\u0103\u021bii Giarmata (jude\u021bul Timi\u0219), a avut loc un accident rutier \u00een care au fost implicate un tir, un microbuz \u0219i un autoturism. Din acest motiv, circula\u021bia este oprit\u0103.<\/p>\n\n\n\n<p>Sursa:politiaromana<\/p>\n","protected":false},"excerpt":{"rendered":"<p>SITUA\u0162IA TRAFICULUI LA ORA 07:15 Ora:&nbsp;07:15 Centrul INFOTRAFIC din Inspectoratul General al Poli\u021biei Rom\u00e2ne&nbsp;informeaz\u0103 c\u0103 la aceast\u0103 or\u0103 nu sunt<\/p>\n","protected":false},"author":1,"featured_media":27311,"comment_status":"closed","ping_status":"closed","sticky":false,"template":"","format":"standard","meta":{"spay_email":"","footnotes":"","jetpack_publicize_message":""},"categories":[54],"tags":[],"class_list":["post-57553","post","type-post","status-publish","format-standard","has-post-thumbnail","hentry","category-informatii-rutiere"],"jetpack_featured_media_url":"https:\/\/i2.wp.com\/realitatearutiera.ro\/wp-content\/uploads\/2017\/09\/infotrafic.jpg?fit=630%2C365&ssl=1","jetpack_publicize_connections":[],"jetpack_sharing_enabled":true,"jetpack_shortlink":"https:\/\/wp.me\/p61naM-eYh","jetpack-related-posts":[],"_links":{"self":[{"href":"https:\/\/realitatearutiera.ro\/index.php?rest_route=\/wp\/v2\/posts\/57553","targetHints":{"allow":["GET"]}}],"collection":[{"href":"https:\/\/realitatearutiera.ro\/index.php?rest_route=\/wp\/v2\/posts"}],"about":[{"href":"https:\/\/realitatearutiera.ro\/index.php?rest_route=\/wp\/v2\/types\/post"}],"author":[{"embeddable":true,"href":"https:\/\/realitatearutiera.ro\/index.php?rest_route=\/wp\/v2\/users\/1"}],"replies":[{"embeddable":true,"href":"https:\/\/realitatearutiera.ro\/index.php?rest_route=%2Fwp%2Fv2%2Fcomments&post=57553"}],"version-history":[{"count":1,"href":"https:\/\/realitatearutiera.ro\/index.php?rest_route=\/wp\/v2\/posts\/57553\/revisions"}],"predecessor-version":[{"id":57554,"href":"https:\/\/realitatearutiera.ro\/index.php?rest_route=\/wp\/v2\/posts\/57553\/revisions\/57554"}],"wp:featuredmedia":[{"embeddable":true,"href":"https:\/\/realitatearutiera.ro\/index.php?rest_route=\/wp\/v2\/media\/27311"}],"wp:attachment":[{"href":"https:\/\/realitatearutiera.ro\/index.php?rest_route=%2Fwp%2Fv2%2Fmedia&parent=57553"}],"wp:term":[{"taxonomy":"category","embeddable":true,"href":"https:\/\/realitatearutiera.ro\/index.php?rest_route=%2Fwp%2Fv2%2Fcategories&post=57553"},{"taxonomy":"post_tag","embeddable":true,"href":"https:\/\/realitatearutiera.ro\/index.php?rest_route=%2Fwp%2Fv2%2Ftags&post=57553"}],"curies":[{"name":"wp","href":"https:\/\/api.w.org\/{rel}","templated":true}]}}