{"id":57732,"date":"2019-12-11T11:09:50","date_gmt":"2019-12-11T09:09:50","guid":{"rendered":"http:\/\/realitatearutiera.ro\/?p=57732"},"modified":"2019-12-11T11:09:56","modified_gmt":"2019-12-11T09:09:56","slug":"informatii-din-trafic-125","status":"publish","type":"post","link":"https:\/\/realitatearutiera.ro\/?p=57732","title":{"rendered":"Informa\u021bii din trafic"},"content":{"rendered":"\n<h3 class=\"wp-block-heading\">SITUA\u0162IA TRAFICULUI LA ORA 08:00<\/h3>\n\n\n\n<p><strong>Ora:&nbsp;<\/strong>08:00<\/p>\n\n\n\n<p><strong>Centrul INFOTRAFIC din Inspectoratul General al Poli\u021biei Rom\u00e2ne&nbsp;<\/strong>informeaz\u0103 c\u0103 la aceast\u0103 or\u0103 nu sunt anun\u021bate drumuri na\u021bionale sau autostr\u0103zi cu circula\u021bia \u00eentrerupt\u0103 din cauza vremii nefavorabile sau a vreunui eveniment rutier.<\/p>\n\n\n\n<p>Pe mai pe multe artere rutiere din jude\u021bele Br\u0103ila, C\u0103l\u0103ra\u015fi, Covasna, Giurgiu, Ialomi\u0163a, Mure\u0219, Sibiu \u0219i Teleorman, precum \u0219i pe Autostrada A2 Bucure\u0219ti \u2013 Constan\u021ba, pe tronsoanele kilometrice 64 \u2013 105 (Lehliu &#8211; Drajna) \u0219i 143 \u2013 193 (Fete\u0219ti &#8211; Constan\u021ba) \u0219i pe Autostrada A1 Sibiu \u2013 Deva, \u00eentre kilometrii 238 \u0219i 291, circula\u021bia rutier\u0103 se desf\u0103\u0219oar\u0103 \u00eengreunat, din cauza ce\u021bii, vizibilitatea fiind redus\u0103 sub 200 metri \u0219i pe alocuri sub 50 de metri.<\/p>\n\n\n\n<p>Pentru reducerea riscului rutier, recomand\u0103m conduc\u0103torilor auto adaptarea vitezei la condi\u021biile de trafic \u0219i de drum, s\u0103 ia \u00een considerare c\u0103 distan\u021ba de fr\u00e2nare cre\u0219te pe un carosabil umed sau alunecos, s\u0103-\u0219i asigure o bun\u0103 vizibilitate prin parbriz, lunet\u0103 \u0219i geamuri laterale \u0219i s\u0103 foloseasc\u0103 luminile de cea\u021b\u0103 dac\u0103 se deplaseaz\u0103 pe drumuri unde este prezent acest fenomen.<\/p>\n\n\n\n<p>Reamintim c\u0103 pentru deplasarea pe drumuri acoperite cu z\u0103pad\u0103, ghea\u021b\u0103 sau polei este obligatorie echiparea autovehiculelor cu anvelope de iarn\u0103.<\/p>\n\n\n\n<h3 class=\"wp-block-heading\">JUDE\u021aUL V\u00c2LCEA: RESTRIC\u021aII DE TRAFIC PE DN 64 \u0218I DN 7<\/h3>\n\n\n\n<p><strong>Ora:&nbsp;<\/strong>09:45<\/p>\n\n\n\n<p><strong>Centrul INFOTRAFIC din Inspectoratul General al Poli\u021biei Rom\u00e2ne&nbsp;<\/strong>informeaz\u0103 c\u0103, pentru a permite desf\u0103\u0219urarea unor lucr\u0103ri cu afectarea circula\u021biei rutiere, pe raza jude\u021bului V\u00e2lcea, sunt impuse ast\u0103zi mai multe restric\u021bii de trafic, astfel:<\/p>\n\n\n\n<p>&#8211; pe DN 64 R\u00e2mnicu V\u00e2lcea \u2013 Dr\u0103g\u0103\u0219ani, \u00eentre kilometrii 76 \u0219i 79, \u00een zona localit\u0103\u021bii Orle\u0219ti, circula\u021bia se desf\u0103\u0219oar\u0103 dirijat, pe un fir alternativ, \u00eentre orele 08:00 \u0219i 17:00, pentru t\u0103ierea vegeta\u021biei;<\/p>\n\n\n\n<p>&#8211; pe DN 7 Sibiu \u2013 R\u00e2mnicu V\u00e2lcea, \u00eentre kilometrii 204 \u0219i 205 (C\u0103ciulata) \u0219i 238 \u2013 239 (R\u00e2ul Vadului), traficul se desf\u0103\u0219oar\u0103 dirijat, p\u00e2n\u0103 la orele 16:00, pentru efectuarea lucr\u0103rilor de cur\u0103\u021bare a \u0219an\u021burilor \u0219i vegeta\u021biei.<\/p>\n\n\n\n<p>Conduc\u0103torii auto sunt sf\u0103tui\u021bi s\u0103 reduc\u0103 viteza \u00een zona lucr\u0103rilor \u0219i s\u0103 respecte semnele pilo\u021bilor de trafic care dirijeaz\u0103 circula\u021bia \u00een aceste zone.<\/p>\n\n\n\n<p>Sursa:politiaromana<\/p>\n","protected":false},"excerpt":{"rendered":"<p>SITUA\u0162IA TRAFICULUI LA ORA 08:00 Ora:&nbsp;08:00 Centrul INFOTRAFIC din Inspectoratul General al Poli\u021biei Rom\u00e2ne&nbsp;informeaz\u0103 c\u0103 la aceast\u0103 or\u0103 nu sunt<\/p>\n","protected":false},"author":1,"featured_media":27311,"comment_status":"closed","ping_status":"closed","sticky":false,"template":"","format":"standard","meta":{"spay_email":"","footnotes":"","jetpack_publicize_message":""},"categories":[54],"tags":[],"class_list":["post-57732","post","type-post","status-publish","format-standard","has-post-thumbnail","hentry","category-informatii-rutiere"],"jetpack_featured_media_url":"https:\/\/i2.wp.com\/realitatearutiera.ro\/wp-content\/uploads\/2017\/09\/infotrafic.jpg?fit=630%2C365&ssl=1","jetpack_publicize_connections":[],"jetpack_sharing_enabled":true,"jetpack_shortlink":"https:\/\/wp.me\/p61naM-f1a","jetpack-related-posts":[],"_links":{"self":[{"href":"https:\/\/realitatearutiera.ro\/index.php?rest_route=\/wp\/v2\/posts\/57732","targetHints":{"allow":["GET"]}}],"collection":[{"href":"https:\/\/realitatearutiera.ro\/index.php?rest_route=\/wp\/v2\/posts"}],"about":[{"href":"https:\/\/realitatearutiera.ro\/index.php?rest_route=\/wp\/v2\/types\/post"}],"author":[{"embeddable":true,"href":"https:\/\/realitatearutiera.ro\/index.php?rest_route=\/wp\/v2\/users\/1"}],"replies":[{"embeddable":true,"href":"https:\/\/realitatearutiera.ro\/index.php?rest_route=%2Fwp%2Fv2%2Fcomments&post=57732"}],"version-history":[{"count":1,"href":"https:\/\/realitatearutiera.ro\/index.php?rest_route=\/wp\/v2\/posts\/57732\/revisions"}],"predecessor-version":[{"id":57733,"href":"https:\/\/realitatearutiera.ro\/index.php?rest_route=\/wp\/v2\/posts\/57732\/revisions\/57733"}],"wp:featuredmedia":[{"embeddable":true,"href":"https:\/\/realitatearutiera.ro\/index.php?rest_route=\/wp\/v2\/media\/27311"}],"wp:attachment":[{"href":"https:\/\/realitatearutiera.ro\/index.php?rest_route=%2Fwp%2Fv2%2Fmedia&parent=57732"}],"wp:term":[{"taxonomy":"category","embeddable":true,"href":"https:\/\/realitatearutiera.ro\/index.php?rest_route=%2Fwp%2Fv2%2Fcategories&post=57732"},{"taxonomy":"post_tag","embeddable":true,"href":"https:\/\/realitatearutiera.ro\/index.php?rest_route=%2Fwp%2Fv2%2Ftags&post=57732"}],"curies":[{"name":"wp","href":"https:\/\/api.w.org\/{rel}","templated":true}]}}