{"id":58047,"date":"2019-12-19T08:32:59","date_gmt":"2019-12-19T06:32:59","guid":{"rendered":"http:\/\/realitatearutiera.ro\/?p=58047"},"modified":"2019-12-19T08:33:04","modified_gmt":"2019-12-19T06:33:04","slug":"facebook-strange-in-permanenta-date-despre-utilizatori-indiferent-ca-acestia-au-activata-geolocalizarea","status":"publish","type":"post","link":"https:\/\/realitatearutiera.ro\/?p=58047","title":{"rendered":"Facebook str\u00e2nge \u00een permanen\u0163\u0103 date despre utilizatori, indiferent c\u0103 ace\u015ftia au activat\u0103 geolocalizarea"},"content":{"rendered":"\n<p><a href=\"https:\/\/www.descopera.ro\/\">Prima pagin\u0103<\/a><strong>\u203a<\/strong>&nbsp;Lumea digitala<a href=\"https:\/\/www.descopera.ro\/lumea-digitala\">vezi toate articolele din Lumea digitala&nbsp;<strong>\u203a<\/strong><\/a><a href=\"https:\/\/www.descopera.ro\/lumea-digitala\">Lumea digitala<\/a><\/p>\n\n\n\n<h1 class=\"wp-block-heading\">Facebook str\u00e2nge \u00een permanen\u0163\u0103 date despre utilizatori, indiferent c\u0103 ace\u015ftia au activat\u0103 geolocalizarea<\/h1>\n\n\n\n<p>Facebook a recunoscut c\u0103 str\u00e2nge \u00een permanen\u0163\u0103 date despre locul unde se afl\u0103 utilizatorii s\u0103i, indiferent dac\u0103 ace\u015ftia au activat\u0103 func\u0163ia de geolocalizare, at\u00e2t din motive de securitate, c\u00e2t \u015fi \u00een scopuri publicitare, potrivit Le Figaro.<\/p>\n\n\n\n<p>&#8220;Chiar dac\u0103 respectiva persoan\u0103 nu are activat\u0103 func\u0163ia pentru localizare, Facebook poate determina par\u0163ial locul unde se afl\u0103 aceasta gra\u0163ie informa\u0163iilor pe care le ofer\u0103 prin intermediul activit\u0103\u0163ilor sale \u015fi conexiunilor la diferitele noastre servicii&#8221;, a declarat compania \u00eentr-o scrisoare adresat\u0103 unor senatori americani pe 12 decembrie \u015fi f\u0103cut\u0103 public\u0103 mar\u0163i pe re\u0163eaua de micro-blogging Twitter.<\/p>\n\n\n\n<p>Senatorii democrat Chris Coons \u015fi republican Josh Hawley au scris companiei americane, \u00een urm\u0103 cu aproape o lun\u0103, pentru a afla modul \u00een care se face colectarea acestor informa\u0163ii, potrivit Mediafax.<\/p>\n\n\n\n<p>&#8220;Suntem \u00eengrijora\u0163i din cauza faptului c\u0103 Facebook nu le poate oferi utilizatorilor nivelul de control (privind datele personale, n.r.) sugerat de parametri&#8221;, au scris ace\u015ftia.<\/p>\n\n\n\n<p>&#8220;Facebook recunoa\u015fte&#8221;, a scris Josh Hawley, mar\u0163i, pe Twitter. &#8221; Chiar dac\u0103 dezactiva\u0163i func\u0163ia \u00abloca\u0163ie\u00bb, ei continu\u0103 s\u0103 urm\u0103reasc\u0103 locul unde v\u0103 afla\u0163i pentru a c\u00e2\u015ftiga bani (trimi\u0163\u00e2nd reclame)&#8221;, a continuat acesta. &#8220;Nu ave\u0163i control asupra informa\u0163iilor personale (&#8230;) Din acest motiv trebuie s\u0103 ia m\u0103suri Congresul&#8221;, a mai scris acesta.<\/p>\n\n\n\n<p>\u00cen SUA, doar California a adoptat o lege pentru protejarea vie\u0163ii private \u015fi a datelor personale ale consumatorilor. Mul\u0163i membri ai Congresului cer adoptarea unei legi \u00een acest sens la nivel federal.<\/p>\n\n\n\n<p>\u00cen r\u0103spunsul oferit senatorilor, Facebook aminte\u015fte c\u0103 informa\u0163iile legate de localizare permit mai ales utilizatorilor s\u0103 indice unde se afl\u0103 \u015fi s\u0103 fac\u0103 anumite c\u0103ut\u0103ri \u00een zona respectiv\u0103. Informa\u0163iile &#8220;ne ajut\u0103 s\u0103 avem con\u0163inuturi mai potrivite \u015fi s\u0103 \u00eembun\u0103t\u0103\u0163im reclamele&#8221;, au transmis cei de la Facebook.<\/p>\n\n\n\n<p>Atunci c\u00e2nd utilizatorii dezactiveaz\u0103 func\u0163ia de localizare, platforma dispune \u00een continuare de acelea\u015fi indicii. \u00cens\u0103 se bazeaz\u0103 mai ales pe adresele IP, caz \u00een care, precizeaz\u0103 cei de la Facebook, totul se opre\u015fte la nivel de ora\u015f sau cod po\u015ftal, f\u0103r\u0103 a merge mai departe, cu excep\u0163ia motivelor de securitate.<\/p>\n\n\n\n<p>Grupul californian colecteaz\u0103 informa\u0163iile personale de la cele peste 2,2 miliarde de utilizatori cotidieni de pe cel pu\u0163in una dintre platformele sale &#8211; Instagram, Messenger, WhatsApp, Facebook. Informa\u0163iile stau la baza modelului s\u0103u economic, respectiv exploatarea comercial\u0103 a conturilor clien\u0163ilor prin distribuirea de publicitate.<\/p>\n\n\n\n<p>sursa: descopera.ro<br><\/p>\n","protected":false},"excerpt":{"rendered":"<p>Prima pagin\u0103\u203a&nbsp;Lumea digitalavezi toate articolele din Lumea digitala&nbsp;\u203aLumea digitala Facebook str\u00e2nge \u00een permanen\u0163\u0103 date despre utilizatori, indiferent c\u0103 ace\u015ftia au<\/p>\n","protected":false},"author":1,"featured_media":27933,"comment_status":"closed","ping_status":"closed","sticky":false,"template":"","format":"standard","meta":{"spay_email":"","footnotes":"","jetpack_publicize_message":""},"categories":[11],"tags":[],"class_list":["post-58047","post","type-post","status-publish","format-standard","has-post-thumbnail","hentry","category-stiri-interne"],"jetpack_featured_media_url":"https:\/\/i1.wp.com\/realitatearutiera.ro\/wp-content\/uploads\/2017\/10\/facebook-256.png?fit=256%2C256&ssl=1","jetpack_publicize_connections":[],"jetpack_sharing_enabled":true,"jetpack_shortlink":"https:\/\/wp.me\/p61naM-f6f","jetpack-related-posts":[],"_links":{"self":[{"href":"https:\/\/realitatearutiera.ro\/index.php?rest_route=\/wp\/v2\/posts\/58047","targetHints":{"allow":["GET"]}}],"collection":[{"href":"https:\/\/realitatearutiera.ro\/index.php?rest_route=\/wp\/v2\/posts"}],"about":[{"href":"https:\/\/realitatearutiera.ro\/index.php?rest_route=\/wp\/v2\/types\/post"}],"author":[{"embeddable":true,"href":"https:\/\/realitatearutiera.ro\/index.php?rest_route=\/wp\/v2\/users\/1"}],"replies":[{"embeddable":true,"href":"https:\/\/realitatearutiera.ro\/index.php?rest_route=%2Fwp%2Fv2%2Fcomments&post=58047"}],"version-history":[{"count":1,"href":"https:\/\/realitatearutiera.ro\/index.php?rest_route=\/wp\/v2\/posts\/58047\/revisions"}],"predecessor-version":[{"id":58050,"href":"https:\/\/realitatearutiera.ro\/index.php?rest_route=\/wp\/v2\/posts\/58047\/revisions\/58050"}],"wp:featuredmedia":[{"embeddable":true,"href":"https:\/\/realitatearutiera.ro\/index.php?rest_route=\/wp\/v2\/media\/27933"}],"wp:attachment":[{"href":"https:\/\/realitatearutiera.ro\/index.php?rest_route=%2Fwp%2Fv2%2Fmedia&parent=58047"}],"wp:term":[{"taxonomy":"category","embeddable":true,"href":"https:\/\/realitatearutiera.ro\/index.php?rest_route=%2Fwp%2Fv2%2Fcategories&post=58047"},{"taxonomy":"post_tag","embeddable":true,"href":"https:\/\/realitatearutiera.ro\/index.php?rest_route=%2Fwp%2Fv2%2Ftags&post=58047"}],"curies":[{"name":"wp","href":"https:\/\/api.w.org\/{rel}","templated":true}]}}