{"id":58347,"date":"2020-01-06T10:12:22","date_gmt":"2020-01-06T08:12:22","guid":{"rendered":"http:\/\/realitatearutiera.ro\/?p=58347"},"modified":"2020-01-06T10:12:28","modified_gmt":"2020-01-06T08:12:28","slug":"cele-mai-frecvente-probleme-care-pot-aparea-la-masina-in-perioada-rece","status":"publish","type":"post","link":"https:\/\/realitatearutiera.ro\/?p=58347","title":{"rendered":"Cele mai frecvente probleme care pot ap\u0103rea la ma\u0219in\u0103 \u00een perioada rece"},"content":{"rendered":"\n<p><a href=\"https:\/\/www.promotor.ro\/stiri-auto\/cum-ii-ajuta-primaria-pe-cei-care-vor-sa-si-schimbe-masina-veche-18622524\">Odat\u0103<\/a>&nbsp;cu frigul din perioada iernii pot ap\u0103rea \u0219i problemele la ma\u0219in\u0103. Exist\u0103 anumite elemente mai \u201esensibile\u201d care, \u00een perioada rece, sunt predispuse s\u0103 cedeze.<\/p>\n\n\n\n<h4 class=\"wp-block-heading\">Grij\u0103 la \u0219terg\u0103toare<\/h4>\n\n\n\n<p>Un lucru pe care \u00eel fac mul\u021bi \u0219oferi este s\u0103 plece la drum f\u0103r\u0103 s\u0103 dezghe\u021be parbrizul. Este important s\u0103 dezlipim \u0219terg\u0103toarele de geam, mai ales dup\u0103 ce a nins, pentru a nu risca s\u0103 distrugem motora\u0219ul care ac\u021bioneaz\u0103 bra\u021bele \u0219teg\u0103toarelor. De asemenea, iarna este foarte indicat\u0103 folosirea func\u021biei de dezaburire.<\/p>\n\n\n\n<h4 class=\"wp-block-heading\">Sistemul de f\u00e2nare \u00een perioada rece<\/h4>\n\n\n\n<p>Nu este&nbsp;<a href=\"https:\/\/www.promotor.ro\/utile\/cine-este-laura-de-la-skoda-si-ce-lucruri-interesante-stie-sa-faca-18622629\">indicat<\/a>&nbsp;s\u0103 la\u0219i fr\u00e2n\u0103 de m\u00e2na tras\u0103 peste noapte \u00eentruc\u00e2t gerul va afecta pl\u0103cu\u021bele de fr\u00e2n\u0103 \u0219i etrierul, iar diminea\u021b\u0103 fr\u00e2n\u0103 va fi blocat\u0103. Chiar dac\u0103 aceast\u0103 revine \u00een pozi\u021bie normal\u0103 dup\u0103 c\u00e2\u021biva metri, frecarea va duce uzarea prematur\u0103 a acestora, sau ovalizarea lor.<\/p>\n\n\n\n<h4 class=\"wp-block-heading\">Chederele<\/h4>\n\n\n\n<p>Chederele sunt cele mai predispuse la \u00eenghe\u021b \u00een timpul iernii. Cauciucul poate fi afectat de temperatur\u0103, iar momentul \u00een care ve\u021bi trage cu putere de acestea pentru a cur\u0103\u021ba parbrizul, geamurile laterale etc. se vor deplasa din pozi\u021bia lor, iar acest lucru va duce la pierderea etan\u0219eit\u0103\u021bii, \u00eenceput de rugin\u0103 \u0219i diverse alte probleme legate de sunet. Pentru a proteja chederele putem s\u0103 le ungem cu o solu\u021bie care con\u021bine silicon.<\/p>\n\n\n\n<h4 class=\"wp-block-heading\">Deschidem geamul c\u00e2nd afar\u0103 este ger?<\/h4>\n\n\n\n<p>Nu este recomandat s\u0103 deschide\u021bi geamurile c\u00e2nd afar\u0103 este ger. De ce? Pentru c\u0103 vor \u00eenghe\u021ba \u0219i se vor bloca. Dac\u0103 ghea\u021b\u0103 lipe\u0219te geamul de chedere, atunci c\u00e2nd vei apas\u0103 butonul, macaraua nu va avea puterea s\u0103 trag\u0103 geamul \u00een jos.<\/p>\n\n\n\n<h4 class=\"wp-block-heading\">Oglinzile<\/h4>\n\n\n\n<p>\u00centre spa\u021biul dintre oglind\u0103 \u0219i carcasa se va adun\u0103 ap\u0103 \u0219i va \u00eenghe\u021ba. Nu este indicat s\u0103 umbla\u021bi la pozi\u021bia oglinzilor laterale \u00eenainte s\u0103 fie dezghe\u021bate \u00eentruc\u00e2t exist\u0103 riscul ca unele elemete s\u0103 cedeze.<\/p>\n","protected":false},"excerpt":{"rendered":"<p>Odat\u0103&nbsp;cu frigul din perioada iernii pot ap\u0103rea \u0219i problemele la ma\u0219in\u0103. Exist\u0103 anumite elemente mai \u201esensibile\u201d care, \u00een perioada rece,<\/p>\n","protected":false},"author":1,"featured_media":32045,"comment_status":"closed","ping_status":"closed","sticky":false,"template":"","format":"standard","meta":{"spay_email":"","footnotes":"","jetpack_publicize_message":""},"categories":[6],"tags":[],"class_list":["post-58347","post","type-post","status-publish","format-standard","has-post-thumbnail","hentry","category-social"],"jetpack_featured_media_url":"https:\/\/i1.wp.com\/realitatearutiera.ro\/wp-content\/uploads\/2018\/02\/ce-sa-nu-faci-cu-masina-iarna-5-sfaturi-de-bun-c6eb73efc00a8459ba-620-250-2-95-1.jpg?fit=620%2C250&ssl=1","jetpack_publicize_connections":[],"jetpack_sharing_enabled":true,"jetpack_shortlink":"https:\/\/wp.me\/p61naM-fb5","jetpack-related-posts":[],"_links":{"self":[{"href":"https:\/\/realitatearutiera.ro\/index.php?rest_route=\/wp\/v2\/posts\/58347","targetHints":{"allow":["GET"]}}],"collection":[{"href":"https:\/\/realitatearutiera.ro\/index.php?rest_route=\/wp\/v2\/posts"}],"about":[{"href":"https:\/\/realitatearutiera.ro\/index.php?rest_route=\/wp\/v2\/types\/post"}],"author":[{"embeddable":true,"href":"https:\/\/realitatearutiera.ro\/index.php?rest_route=\/wp\/v2\/users\/1"}],"replies":[{"embeddable":true,"href":"https:\/\/realitatearutiera.ro\/index.php?rest_route=%2Fwp%2Fv2%2Fcomments&post=58347"}],"version-history":[{"count":1,"href":"https:\/\/realitatearutiera.ro\/index.php?rest_route=\/wp\/v2\/posts\/58347\/revisions"}],"predecessor-version":[{"id":58348,"href":"https:\/\/realitatearutiera.ro\/index.php?rest_route=\/wp\/v2\/posts\/58347\/revisions\/58348"}],"wp:featuredmedia":[{"embeddable":true,"href":"https:\/\/realitatearutiera.ro\/index.php?rest_route=\/wp\/v2\/media\/32045"}],"wp:attachment":[{"href":"https:\/\/realitatearutiera.ro\/index.php?rest_route=%2Fwp%2Fv2%2Fmedia&parent=58347"}],"wp:term":[{"taxonomy":"category","embeddable":true,"href":"https:\/\/realitatearutiera.ro\/index.php?rest_route=%2Fwp%2Fv2%2Fcategories&post=58347"},{"taxonomy":"post_tag","embeddable":true,"href":"https:\/\/realitatearutiera.ro\/index.php?rest_route=%2Fwp%2Fv2%2Ftags&post=58347"}],"curies":[{"name":"wp","href":"https:\/\/api.w.org\/{rel}","templated":true}]}}